{"id":6826,"date":"2018-11-05T14:47:31","date_gmt":"2018-11-05T12:47:31","guid":{"rendered":"http:\/\/artsmartiauxcompiegnois.fr\/?p=6826"},"modified":"2018-11-12T15:01:37","modified_gmt":"2018-11-12T13:01:37","slug":"nos-jeunes-judokas-ont-brille-a-competition-du-04-nov-2018","status":"publish","type":"post","link":"https:\/\/artsmartiauxcompiegnois.fr\/?p=6826","title":{"rendered":"Nos jeunes judokas ont brill\u00e9 \u00e0 la Comp\u00e9tition du 04 nov 2018"},"content":{"rendered":"<p dir=\"ltr\">Sept jeunes judokas du Club des Arts Martiaux Compi\u00e8gnois, encadr\u00e9s par Thibault, ont particip\u00e9 \u00e0 la Comp\u00e9tition de Judo \u00e0 Clermont de l&rsquo;Oise le 04 novembre 2018.<\/p>\n<p dir=\"ltr\">En cat\u00e9gorie Minime : Anna-Eva acc\u00e8de \u00e0 la 2\u00e8me marche du Podium<\/p>\n<p dir=\"ltr\">En cat\u00e9gorie Benjamin : Victor se classe 2\u00e8me tandis que Clotilde monte sur la 1\u00e8re marche.<\/p>\n<p dir=\"ltr\">En cat\u00e9gorie Poussin :\u00a0Bogdan se classe 3\u00e8me ; Shadine acc\u00e8de \u00e0 la 3\u00e8me marche, Pierre monte \u00e0 la 2\u00e8me marche et Obaida se hisse \u00e0 la 1\u00e8re place.<\/p>\n<p dir=\"ltr\">Nous les f\u00e9licitons chaleureusement et les encourageons \u00e0 poursuivre leurs engagements.<\/p>\n<p dir=\"ltr\">Bravo et Merci \u00e0 Thibault.<\/p>\n<p dir=\"ltr\"><div id=\"metaslider-id-6833\" style=\"width: 100%; margin: 0 auto;\" class=\"ml-slider-3-27-6 metaslider metaslider-flex metaslider-6833 ml-slider nav-hidden\">\n    <div id=\"metaslider_container_6833\">\n        <div id=\"metaslider_6833\" class=\"flexslider\">\n            <ul aria-live=\"polite\" class=\"slides\">\n                <li style=\"display: block; width: 100%;\" class=\"slide-6846 ms-image\"><img src=\"https:\/\/artsmartiauxcompiegnois.fr\/wp-content\/uploads\/2018\/11\/IMG_20181104_174330_resized_20181110_042800615-900x800.jpg\" height=\"800\" width=\"900\" alt=\"\" class=\"slider-6833 slide-6846\" title=\"IMG_20181104_174330_resized_20181110_042800615\" \/><\/li>\n                <li style=\"display: none; width: 100%;\" class=\"slide-6842 ms-image\"><img src=\"https:\/\/artsmartiauxcompiegnois.fr\/wp-content\/uploads\/2018\/11\/IMG_20181104_144550-1-900x800.jpg\" height=\"800\" width=\"900\" alt=\"\" class=\"slider-6833 slide-6842\" title=\"cof\" \/><div class=\"caption-wrap\"><div class=\"caption\">cof<\/div><\/div><\/li>\n                <li style=\"display: none; width: 100%;\" class=\"slide-6845 ms-image\"><img src=\"https:\/\/artsmartiauxcompiegnois.fr\/wp-content\/uploads\/2018\/11\/IMG_20181104_174312-900x800.jpg\" height=\"800\" width=\"900\" alt=\"\" class=\"slider-6833 slide-6845\" title=\"cof\" \/><div class=\"caption-wrap\"><div class=\"caption\">cof<\/div><\/div><\/li>\n                <li style=\"display: none; width: 100%;\" class=\"slide-6844 ms-image\"><img src=\"https:\/\/artsmartiauxcompiegnois.fr\/wp-content\/uploads\/2018\/11\/IMG_20181104_164941_resized_20181110_042800851-900x800.jpg\" height=\"800\" width=\"900\" alt=\"\" class=\"slider-6833 slide-6844\" title=\"IMG_20181104_164941_resized_20181110_042800851\" \/><\/li>\n                <li style=\"display: none; width: 100%;\" class=\"slide-6841 ms-image\"><img src=\"https:\/\/artsmartiauxcompiegnois.fr\/wp-content\/uploads\/2018\/11\/IMG_20181104_101250-1-900x800.jpg\" height=\"800\" width=\"900\" alt=\"\" class=\"slider-6833 slide-6841\" title=\"cof\" \/><div class=\"caption-wrap\"><div class=\"caption\">cof<\/div><\/div><\/li>\n                <li style=\"display: none; width: 100%;\" class=\"slide-6843 ms-image\"><img src=\"https:\/\/artsmartiauxcompiegnois.fr\/wp-content\/uploads\/2018\/11\/IMG_20181104_153029-900x800.jpg\" height=\"800\" width=\"900\" alt=\"\" class=\"slider-6833 slide-6843\" title=\"cof\" \/><div class=\"caption-wrap\"><div class=\"caption\">cof<\/div><\/div><\/li>\n            <\/ul>\n        <\/div>\n        \n    <\/div>\n<\/div><\/p>\n","protected":false},"excerpt":{"rendered":"<p>Sept jeunes judokas du Club des Arts Martiaux Compi\u00e8gnois, encadr\u00e9s par Thibault, ont particip\u00e9 \u00e0 la Comp\u00e9tition de Judo \u00e0 Clermont de l&rsquo;Oise le 04 novembre 2018. En cat\u00e9gorie Minime : Anna-Eva acc\u00e8de \u00e0 la 2\u00e8me marche du Podium En cat\u00e9gorie Benjamin : Victor se classe 2\u00e8me tandis que Clotilde monte sur la 1\u00e8re marche. [&hellip;]<\/p>\n","protected":false},"author":1,"featured_media":6827,"comment_status":"open","ping_status":"open","sticky":false,"template":"","format":"standard","meta":[],"categories":[43,39,2,16],"tags":[51,179],"_links":{"self":[{"href":"https:\/\/artsmartiauxcompiegnois.fr\/index.php?rest_route=\/wp\/v2\/posts\/6826"}],"collection":[{"href":"https:\/\/artsmartiauxcompiegnois.fr\/index.php?rest_route=\/wp\/v2\/posts"}],"about":[{"href":"https:\/\/artsmartiauxcompiegnois.fr\/index.php?rest_route=\/wp\/v2\/types\/post"}],"author":[{"embeddable":true,"href":"https:\/\/artsmartiauxcompiegnois.fr\/index.php?rest_route=\/wp\/v2\/users\/1"}],"replies":[{"embeddable":true,"href":"https:\/\/artsmartiauxcompiegnois.fr\/index.php?rest_route=%2Fwp%2Fv2%2Fcomments&post=6826"}],"version-history":[{"count":3,"href":"https:\/\/artsmartiauxcompiegnois.fr\/index.php?rest_route=\/wp\/v2\/posts\/6826\/revisions"}],"predecessor-version":[{"id":6847,"href":"https:\/\/artsmartiauxcompiegnois.fr\/index.php?rest_route=\/wp\/v2\/posts\/6826\/revisions\/6847"}],"wp:featuredmedia":[{"embeddable":true,"href":"https:\/\/artsmartiauxcompiegnois.fr\/index.php?rest_route=\/wp\/v2\/media\/6827"}],"wp:attachment":[{"href":"https:\/\/artsmartiauxcompiegnois.fr\/index.php?rest_route=%2Fwp%2Fv2%2Fmedia&parent=6826"}],"wp:term":[{"taxonomy":"category","embeddable":true,"href":"https:\/\/artsmartiauxcompiegnois.fr\/index.php?rest_route=%2Fwp%2Fv2%2Fcategories&post=6826"},{"taxonomy":"post_tag","embeddable":true,"href":"https:\/\/artsmartiauxcompiegnois.fr\/index.php?rest_route=%2Fwp%2Fv2%2Ftags&post=6826"}],"curies":[{"name":"wp","href":"https:\/\/api.w.org\/{rel}","templated":true}]}}