{"id":6870,"date":"2018-11-13T00:56:42","date_gmt":"2018-11-12T22:56:42","guid":{"rendered":"http:\/\/artsmartiauxcompiegnois.fr\/?p=6870"},"modified":"2018-11-15T15:28:57","modified_gmt":"2018-11-15T13:28:57","slug":"coupe-de-loise-de-karate-a-creil-le-11-novembre-2018","status":"publish","type":"post","link":"https:\/\/artsmartiauxcompiegnois.fr\/?p=6870","title":{"rendered":"Coupe de l&rsquo;Oise de Karat\u00e9 \u00e0 Creil le 11 novembre 2018"},"content":{"rendered":"<p>Six jeunes karat\u00e9kas du Club des Arts Martiaux Compi\u00e8gnois, encadr\u00e9s par Toufik, ont particip\u00e9 \u00e0 la Coupe de l&rsquo;Oise de karat\u00e9 \u00e0 Creil, le dimanche 11 novembre 2018.<\/p>\n<p>Ils sont tous mont\u00e9s sur le podium dans leurs cat\u00e9gories respectives :<\/p>\n<p>en Benjamin(e) :<\/p>\n<ul>\n<li>Salma se classe 3\u00e8me ;<\/li>\n<li>Oulfa termine 3\u00e8me ;<\/li>\n<li>Oumi monte sur la 1\u00e8re marche ;<\/li>\n<li>Ayoub se hisse \u00e0 la 2\u00e8me place ;<\/li>\n<\/ul>\n<p>en Pupilles :<\/p>\n<ul>\n<li>Ilyass termine \u00e0 la 2\u00e8me place ;<\/li>\n<li>Hassan monte sur la 2\u00e8me marche.<\/li>\n<\/ul>\n<p>Nous les f\u00e9licitons et les encourageons pour leur combativit\u00e9.<\/p>\n<p>Nous remercions \u00e9galement Toufik et Mohamed pour leurs engagements et accompagnements de nos comp\u00e9titeurs.<\/p>\n<p>Merci \u00e9galement pour les photographies qu&rsquo;ils nous ont communiqu\u00e9es.<\/p>\n\n\t\t<style type=\"text\/css\">\n\t\t\t#gallery-1 {\n\t\t\t\tmargin: auto;\n\t\t\t}\n\t\t\t#gallery-1 .gallery-item {\n\t\t\t\tfloat: left;\n\t\t\t\tmargin-top: 10px;\n\t\t\t\ttext-align: center;\n\t\t\t\twidth: 33%;\n\t\t\t}\n\t\t\t#gallery-1 img {\n\t\t\t\tborder: 2px solid #cfcfcf;\n\t\t\t}\n\t\t\t#gallery-1 .gallery-caption {\n\t\t\t\tmargin-left: 0;\n\t\t\t}\n\t\t\t\/* see gallery_shortcode() in wp-includes\/media.php *\/\n\t\t<\/style>\n\t\t<div id='gallery-1' class='gallery galleryid-6870 gallery-columns-3 gallery-size-thumbnail'><dl class='gallery-item'>\n\t\t\t<dt class='gallery-icon landscape'>\n\t\t\t\t<a href='https:\/\/artsmartiauxcompiegnois.fr\/?attachment_id=6909'><img width=\"150\" height=\"150\" src=\"https:\/\/artsmartiauxcompiegnois.fr\/wp-content\/uploads\/2018\/11\/IMG_17001-e1542286764456-150x150.jpg\" class=\"attachment-thumbnail size-thumbnail\" alt=\"\" loading=\"lazy\" srcset=\"https:\/\/artsmartiauxcompiegnois.fr\/wp-content\/uploads\/2018\/11\/IMG_17001-e1542286764456-150x150.jpg 150w, https:\/\/artsmartiauxcompiegnois.fr\/wp-content\/uploads\/2018\/11\/IMG_17001-e1542286764456-188x188.jpg 188w\" sizes=\"(max-width: 150px) 100vw, 150px\" \/><\/a>\n\t\t\t<\/dt><\/dl><dl class='gallery-item'>\n\t\t\t<dt class='gallery-icon portrait'>\n\t\t\t\t<a href='https:\/\/artsmartiauxcompiegnois.fr\/?attachment_id=6941'><img width=\"150\" height=\"150\" src=\"https:\/\/artsmartiauxcompiegnois.fr\/wp-content\/uploads\/2018\/11\/IMG_16941-150x150.jpg\" class=\"attachment-thumbnail size-thumbnail\" alt=\"\" loading=\"lazy\" \/><\/a>\n\t\t\t<\/dt><\/dl><dl class='gallery-item'>\n\t\t\t<dt class='gallery-icon portrait'>\n\t\t\t\t<a href='https:\/\/artsmartiauxcompiegnois.fr\/?attachment_id=6942'><img width=\"150\" height=\"150\" src=\"https:\/\/artsmartiauxcompiegnois.fr\/wp-content\/uploads\/2018\/11\/IMG_16981-150x150.jpg\" class=\"attachment-thumbnail size-thumbnail\" alt=\"\" loading=\"lazy\" \/><\/a>\n\t\t\t<\/dt><\/dl><br style=\"clear: both\" \/><dl class='gallery-item'>\n\t\t\t<dt class='gallery-icon portrait'>\n\t\t\t\t<a href='https:\/\/artsmartiauxcompiegnois.fr\/?attachment_id=6944'><img width=\"150\" height=\"150\" src=\"https:\/\/artsmartiauxcompiegnois.fr\/wp-content\/uploads\/2018\/11\/IMG_17031-1-150x150.jpg\" class=\"attachment-thumbnail size-thumbnail\" alt=\"\" loading=\"lazy\" \/><\/a>\n\t\t\t<\/dt><\/dl><dl class='gallery-item'>\n\t\t\t<dt class='gallery-icon portrait'>\n\t\t\t\t<a href='https:\/\/artsmartiauxcompiegnois.fr\/?attachment_id=6945'><img width=\"150\" height=\"150\" src=\"https:\/\/artsmartiauxcompiegnois.fr\/wp-content\/uploads\/2018\/11\/IMG_17041-1-150x150.jpg\" class=\"attachment-thumbnail size-thumbnail\" alt=\"\" loading=\"lazy\" \/><\/a>\n\t\t\t<\/dt><\/dl><dl class='gallery-item'>\n\t\t\t<dt class='gallery-icon portrait'>\n\t\t\t\t<a href='https:\/\/artsmartiauxcompiegnois.fr\/?attachment_id=6946'><img width=\"150\" height=\"150\" src=\"https:\/\/artsmartiauxcompiegnois.fr\/wp-content\/uploads\/2018\/11\/IMG_17071-1-150x150.jpg\" class=\"attachment-thumbnail size-thumbnail\" alt=\"\" loading=\"lazy\" \/><\/a>\n\t\t\t<\/dt><\/dl><br style=\"clear: both\" \/><dl class='gallery-item'>\n\t\t\t<dt class='gallery-icon portrait'>\n\t\t\t\t<a href='https:\/\/artsmartiauxcompiegnois.fr\/?attachment_id=6948'><img width=\"150\" height=\"150\" src=\"https:\/\/artsmartiauxcompiegnois.fr\/wp-content\/uploads\/2018\/11\/IMG_17121-150x150.jpg\" class=\"attachment-thumbnail size-thumbnail\" alt=\"\" loading=\"lazy\" \/><\/a>\n\t\t\t<\/dt><\/dl><dl class='gallery-item'>\n\t\t\t<dt class='gallery-icon portrait'>\n\t\t\t\t<a href='https:\/\/artsmartiauxcompiegnois.fr\/?attachment_id=6943'><img width=\"150\" height=\"150\" src=\"https:\/\/artsmartiauxcompiegnois.fr\/wp-content\/uploads\/2018\/11\/IMG_17001-1-150x150.jpg\" class=\"attachment-thumbnail size-thumbnail\" alt=\"\" loading=\"lazy\" \/><\/a>\n\t\t\t<\/dt><\/dl><dl class='gallery-item'>\n\t\t\t<dt class='gallery-icon portrait'>\n\t\t\t\t<a href='https:\/\/artsmartiauxcompiegnois.fr\/?attachment_id=6949'><img width=\"150\" height=\"150\" src=\"https:\/\/artsmartiauxcompiegnois.fr\/wp-content\/uploads\/2018\/11\/IMG_17131-150x150.jpg\" class=\"attachment-thumbnail size-thumbnail\" alt=\"\" loading=\"lazy\" \/><\/a>\n\t\t\t<\/dt><\/dl><br style=\"clear: both\" \/><dl class='gallery-item'>\n\t\t\t<dt class='gallery-icon portrait'>\n\t\t\t\t<a href='https:\/\/artsmartiauxcompiegnois.fr\/?attachment_id=6947'><img width=\"150\" height=\"150\" src=\"https:\/\/artsmartiauxcompiegnois.fr\/wp-content\/uploads\/2018\/11\/IMG_17111-150x150.jpg\" class=\"attachment-thumbnail size-thumbnail\" alt=\"\" loading=\"lazy\" \/><\/a>\n\t\t\t<\/dt><\/dl><dl class='gallery-item'>\n\t\t\t<dt class='gallery-icon portrait'>\n\t\t\t\t<a href='https:\/\/artsmartiauxcompiegnois.fr\/?attachment_id=6951'><img width=\"150\" height=\"150\" src=\"https:\/\/artsmartiauxcompiegnois.fr\/wp-content\/uploads\/2018\/11\/IMG_17211-150x150.jpg\" class=\"attachment-thumbnail size-thumbnail\" alt=\"\" loading=\"lazy\" \/><\/a>\n\t\t\t<\/dt><\/dl><dl class='gallery-item'>\n\t\t\t<dt class='gallery-icon landscape'>\n\t\t\t\t<a href='https:\/\/artsmartiauxcompiegnois.fr\/?attachment_id=6950'><img width=\"150\" height=\"150\" src=\"https:\/\/artsmartiauxcompiegnois.fr\/wp-content\/uploads\/2018\/11\/IMG_17191-150x150.jpg\" class=\"attachment-thumbnail size-thumbnail\" alt=\"\" loading=\"lazy\" srcset=\"https:\/\/artsmartiauxcompiegnois.fr\/wp-content\/uploads\/2018\/11\/IMG_17191-150x150.jpg 150w, https:\/\/artsmartiauxcompiegnois.fr\/wp-content\/uploads\/2018\/11\/IMG_17191-300x300.jpg 300w, https:\/\/artsmartiauxcompiegnois.fr\/wp-content\/uploads\/2018\/11\/IMG_17191-178x178.jpg 178w, https:\/\/artsmartiauxcompiegnois.fr\/wp-content\/uploads\/2018\/11\/IMG_17191.jpg 320w\" sizes=\"(max-width: 150px) 100vw, 150px\" \/><\/a>\n\t\t\t<\/dt><\/dl><br style=\"clear: both\" \/><dl class='gallery-item'>\n\t\t\t<dt class='gallery-icon portrait'>\n\t\t\t\t<a href='https:\/\/artsmartiauxcompiegnois.fr\/?attachment_id=6952'><img width=\"150\" height=\"150\" src=\"https:\/\/artsmartiauxcompiegnois.fr\/wp-content\/uploads\/2018\/11\/IMG_17221-150x150.jpg\" class=\"attachment-thumbnail size-thumbnail\" alt=\"\" loading=\"lazy\" \/><\/a>\n\t\t\t<\/dt><\/dl><dl class='gallery-item'>\n\t\t\t<dt class='gallery-icon portrait'>\n\t\t\t\t<a href='https:\/\/artsmartiauxcompiegnois.fr\/?attachment_id=6954'><img width=\"150\" height=\"150\" src=\"https:\/\/artsmartiauxcompiegnois.fr\/wp-content\/uploads\/2018\/11\/IMG_17261-150x150.jpg\" class=\"attachment-thumbnail size-thumbnail\" alt=\"\" loading=\"lazy\" \/><\/a>\n\t\t\t<\/dt><\/dl><dl class='gallery-item'>\n\t\t\t<dt class='gallery-icon portrait'>\n\t\t\t\t<a href='https:\/\/artsmartiauxcompiegnois.fr\/?attachment_id=6953'><img width=\"150\" height=\"150\" src=\"https:\/\/artsmartiauxcompiegnois.fr\/wp-content\/uploads\/2018\/11\/IMG_17231-150x150.jpg\" class=\"attachment-thumbnail size-thumbnail\" alt=\"\" loading=\"lazy\" \/><\/a>\n\t\t\t<\/dt><\/dl><br style=\"clear: both\" \/><dl class='gallery-item'>\n\t\t\t<dt class='gallery-icon portrait'>\n\t\t\t\t<a href='https:\/\/artsmartiauxcompiegnois.fr\/?attachment_id=6955'><img width=\"150\" height=\"150\" src=\"https:\/\/artsmartiauxcompiegnois.fr\/wp-content\/uploads\/2018\/11\/IMG_17301-150x150.jpg\" class=\"attachment-thumbnail size-thumbnail\" alt=\"\" loading=\"lazy\" \/><\/a>\n\t\t\t<\/dt><\/dl><dl class='gallery-item'>\n\t\t\t<dt class='gallery-icon portrait'>\n\t\t\t\t<a href='https:\/\/artsmartiauxcompiegnois.fr\/?attachment_id=6956'><img width=\"150\" height=\"150\" src=\"https:\/\/artsmartiauxcompiegnois.fr\/wp-content\/uploads\/2018\/11\/IMG_17311-150x150.jpg\" class=\"attachment-thumbnail size-thumbnail\" alt=\"\" loading=\"lazy\" \/><\/a>\n\t\t\t<\/dt><\/dl>\n\t\t\t<br style='clear: both' \/>\n\t\t<\/div>\n\n","protected":false},"excerpt":{"rendered":"<p>Six jeunes karat\u00e9kas du Club des Arts Martiaux Compi\u00e8gnois, encadr\u00e9s par Toufik, ont particip\u00e9 \u00e0 la Coupe de l&rsquo;Oise de karat\u00e9 \u00e0 Creil, le dimanche 11 novembre 2018. Ils sont tous mont\u00e9s sur le podium dans leurs cat\u00e9gories respectives : en Benjamin(e) : Salma se classe 3\u00e8me ; Oulfa termine 3\u00e8me ; Oumi monte sur [&hellip;]<\/p>\n","protected":false},"author":1,"featured_media":0,"comment_status":"open","ping_status":"open","sticky":false,"template":"","format":"standard","meta":[],"categories":[4,23],"tags":[51,55],"_links":{"self":[{"href":"https:\/\/artsmartiauxcompiegnois.fr\/index.php?rest_route=\/wp\/v2\/posts\/6870"}],"collection":[{"href":"https:\/\/artsmartiauxcompiegnois.fr\/index.php?rest_route=\/wp\/v2\/posts"}],"about":[{"href":"https:\/\/artsmartiauxcompiegnois.fr\/index.php?rest_route=\/wp\/v2\/types\/post"}],"author":[{"embeddable":true,"href":"https:\/\/artsmartiauxcompiegnois.fr\/index.php?rest_route=\/wp\/v2\/users\/1"}],"replies":[{"embeddable":true,"href":"https:\/\/artsmartiauxcompiegnois.fr\/index.php?rest_route=%2Fwp%2Fv2%2Fcomments&post=6870"}],"version-history":[{"count":6,"href":"https:\/\/artsmartiauxcompiegnois.fr\/index.php?rest_route=\/wp\/v2\/posts\/6870\/revisions"}],"predecessor-version":[{"id":6958,"href":"https:\/\/artsmartiauxcompiegnois.fr\/index.php?rest_route=\/wp\/v2\/posts\/6870\/revisions\/6958"}],"wp:attachment":[{"href":"https:\/\/artsmartiauxcompiegnois.fr\/index.php?rest_route=%2Fwp%2Fv2%2Fmedia&parent=6870"}],"wp:term":[{"taxonomy":"category","embeddable":true,"href":"https:\/\/artsmartiauxcompiegnois.fr\/index.php?rest_route=%2Fwp%2Fv2%2Fcategories&post=6870"},{"taxonomy":"post_tag","embeddable":true,"href":"https:\/\/artsmartiauxcompiegnois.fr\/index.php?rest_route=%2Fwp%2Fv2%2Ftags&post=6870"}],"curies":[{"name":"wp","href":"https:\/\/api.w.org\/{rel}","templated":true}]}}