{"id":6873,"date":"2018-11-13T00:54:02","date_gmt":"2018-11-12T22:54:02","guid":{"rendered":"http:\/\/artsmartiauxcompiegnois.fr\/?p=6873"},"modified":"2018-11-13T01:04:34","modified_gmt":"2018-11-12T23:04:34","slug":"competition-de-judo-a-laigneville-le-10-novembre-2018","status":"publish","type":"post","link":"https:\/\/artsmartiauxcompiegnois.fr\/?p=6873","title":{"rendered":"Comp\u00e9tition de Judo \u00e0 Laigneville le 10 novembre 2018"},"content":{"rendered":"<p>Dix jeunes judokas sont all\u00e9s repr\u00e9senter le Club des Arts Martiaux Compi\u00e9gnois \u00e0 la Comp\u00e9tition de Judo \u00e0 Laigneville.<\/p>\n<p>Accompagn\u00e9s par Thibault, nos jeunes comp\u00e9titeurs se sont, encore une fois, bien plac\u00e9s dans le classement de leur cat\u00e9gorie respective :<\/p>\n<p>En minime : Anna-Eva se classe 3\u00e8me ;<\/p>\n<p>En benjamin : Clotilde monte sur la plus haute marche et Victor monte sur le deuxi\u00e8me ;<\/p>\n<p>En coquille : Harroua et Ishaq se classent tous les deux 2\u00e8me, Anais et Ethanael se hissent \u00e0 la 1\u00e8re place ;<\/p>\n<p>En poussin : Arthur et Obaida atteignent la 2\u00e8me place, et Bogdan occupe la 3\u00e8me place.<\/p>\n<p>Nous les f\u00e9licitons et encourageons leur assiduit\u00e9 et combativit\u00e9. Bravo !<\/p>\n<p>Merci \u00e0 Thibault pour son implication.<\/p>\n<p>&nbsp;<\/p>\n","protected":false},"excerpt":{"rendered":"<p>Dix jeunes judokas sont all\u00e9s repr\u00e9senter le Club des Arts Martiaux Compi\u00e9gnois \u00e0 la Comp\u00e9tition de Judo \u00e0 Laigneville. Accompagn\u00e9s par Thibault, nos jeunes comp\u00e9titeurs se sont, encore une fois, bien plac\u00e9s dans le classement de leur cat\u00e9gorie respective : En minime : Anna-Eva se classe 3\u00e8me ; En benjamin : Clotilde monte sur la [&hellip;]<\/p>\n","protected":false},"author":1,"featured_media":6878,"comment_status":"open","ping_status":"open","sticky":false,"template":"","format":"standard","meta":[],"categories":[10,39,2],"tags":[116,179],"_links":{"self":[{"href":"https:\/\/artsmartiauxcompiegnois.fr\/index.php?rest_route=\/wp\/v2\/posts\/6873"}],"collection":[{"href":"https:\/\/artsmartiauxcompiegnois.fr\/index.php?rest_route=\/wp\/v2\/posts"}],"about":[{"href":"https:\/\/artsmartiauxcompiegnois.fr\/index.php?rest_route=\/wp\/v2\/types\/post"}],"author":[{"embeddable":true,"href":"https:\/\/artsmartiauxcompiegnois.fr\/index.php?rest_route=\/wp\/v2\/users\/1"}],"replies":[{"embeddable":true,"href":"https:\/\/artsmartiauxcompiegnois.fr\/index.php?rest_route=%2Fwp%2Fv2%2Fcomments&post=6873"}],"version-history":[{"count":5,"href":"https:\/\/artsmartiauxcompiegnois.fr\/index.php?rest_route=\/wp\/v2\/posts\/6873\/revisions"}],"predecessor-version":[{"id":6906,"href":"https:\/\/artsmartiauxcompiegnois.fr\/index.php?rest_route=\/wp\/v2\/posts\/6873\/revisions\/6906"}],"wp:featuredmedia":[{"embeddable":true,"href":"https:\/\/artsmartiauxcompiegnois.fr\/index.php?rest_route=\/wp\/v2\/media\/6878"}],"wp:attachment":[{"href":"https:\/\/artsmartiauxcompiegnois.fr\/index.php?rest_route=%2Fwp%2Fv2%2Fmedia&parent=6873"}],"wp:term":[{"taxonomy":"category","embeddable":true,"href":"https:\/\/artsmartiauxcompiegnois.fr\/index.php?rest_route=%2Fwp%2Fv2%2Fcategories&post=6873"},{"taxonomy":"post_tag","embeddable":true,"href":"https:\/\/artsmartiauxcompiegnois.fr\/index.php?rest_route=%2Fwp%2Fv2%2Ftags&post=6873"}],"curies":[{"name":"wp","href":"https:\/\/api.w.org\/{rel}","templated":true}]}}