{"id":6962,"date":"2018-11-18T19:30:21","date_gmt":"2018-11-18T17:30:21","guid":{"rendered":"http:\/\/artsmartiauxcompiegnois.fr\/?p=6962"},"modified":"2018-11-19T02:49:29","modified_gmt":"2018-11-19T00:49:29","slug":"le-stage-de-combats-veterans-a-connu-un-vif-succes","status":"publish","type":"post","link":"https:\/\/artsmartiauxcompiegnois.fr\/?p=6962","title":{"rendered":"Le stage de Combats V\u00e9t\u00e9rans a connu un vif succ\u00e8s"},"content":{"rendered":"<p>Dimanche 18 novembre 2018, le Club des Arts Martiaux accueillait un stage de combats V\u00e9t\u00e9rans.<\/p>\n<p>Ce stage a rencontr\u00e9 un vif succ\u00e8s aupr\u00e8s des participants qui y ont trouv\u00e9 un v\u00e9ritable partage de comp\u00e9tences, techniques et de passion avec Franck AUBRY,\u00a04\u00b0 Dan, DEJEPS, Champion de France V\u00e9t\u00e9rans<\/p>\n<p>Nous les remercions pour leur participation active, ainsi que Carole pour son soutien logistique et le reportage photo<\/p>\n<p>&nbsp;<\/p>\n<p><a href=\"http:\/\/artsmartiauxcompiegnois.fr\/wp-content\/uploads\/2018\/11\/IMG_33071.jpg\"><img loading=\"lazy\" class=\"alignnone size-medium wp-image-6965\" src=\"http:\/\/artsmartiauxcompiegnois.fr\/wp-content\/uploads\/2018\/11\/IMG_33071-225x300.jpg\" alt=\"\" width=\"225\" height=\"300\" srcset=\"https:\/\/artsmartiauxcompiegnois.fr\/wp-content\/uploads\/2018\/11\/IMG_33071-225x300.jpg 225w, https:\/\/artsmartiauxcompiegnois.fr\/wp-content\/uploads\/2018\/11\/IMG_33071-768x1024.jpg 768w, https:\/\/artsmartiauxcompiegnois.fr\/wp-content\/uploads\/2018\/11\/IMG_33071-134x178.jpg 134w, https:\/\/artsmartiauxcompiegnois.fr\/wp-content\/uploads\/2018\/11\/IMG_33071.jpg 1536w\" sizes=\"(max-width: 225px) 100vw, 225px\" \/><\/a> <a href=\"http:\/\/artsmartiauxcompiegnois.fr\/wp-content\/uploads\/2018\/11\/IMG_17031.jpg\"><img loading=\"lazy\" class=\"alignnone size-medium wp-image-6964\" src=\"http:\/\/artsmartiauxcompiegnois.fr\/wp-content\/uploads\/2018\/11\/IMG_17031-300x175.jpg\" alt=\"\" width=\"300\" height=\"175\" srcset=\"https:\/\/artsmartiauxcompiegnois.fr\/wp-content\/uploads\/2018\/11\/IMG_17031-300x175.jpg 300w, https:\/\/artsmartiauxcompiegnois.fr\/wp-content\/uploads\/2018\/11\/IMG_17031-768x448.jpg 768w, https:\/\/artsmartiauxcompiegnois.fr\/wp-content\/uploads\/2018\/11\/IMG_17031-1024x597.jpg 1024w, https:\/\/artsmartiauxcompiegnois.fr\/wp-content\/uploads\/2018\/11\/IMG_17031-178x104.jpg 178w, https:\/\/artsmartiauxcompiegnois.fr\/wp-content\/uploads\/2018\/11\/IMG_17031.jpg 1536w\" sizes=\"(max-width: 300px) 100vw, 300px\" \/><\/a> <a href=\"http:\/\/artsmartiauxcompiegnois.fr\/wp-content\/uploads\/2018\/11\/IMG_0201.jpg\"><img loading=\"lazy\" class=\"alignnone size-medium wp-image-6963\" src=\"http:\/\/artsmartiauxcompiegnois.fr\/wp-content\/uploads\/2018\/11\/IMG_0201-217x300.jpg\" alt=\"\" width=\"217\" height=\"300\" srcset=\"https:\/\/artsmartiauxcompiegnois.fr\/wp-content\/uploads\/2018\/11\/IMG_0201-217x300.jpg 217w, https:\/\/artsmartiauxcompiegnois.fr\/wp-content\/uploads\/2018\/11\/IMG_0201-129x178.jpg 129w, https:\/\/artsmartiauxcompiegnois.fr\/wp-content\/uploads\/2018\/11\/IMG_0201.jpg 610w\" sizes=\"(max-width: 217px) 100vw, 217px\" \/><\/a><\/p>\n","protected":false},"excerpt":{"rendered":"<p>Dimanche 18 novembre 2018, le Club des Arts Martiaux accueillait un stage de combats V\u00e9t\u00e9rans. Ce stage a rencontr\u00e9 un vif succ\u00e8s aupr\u00e8s des participants qui y ont trouv\u00e9 un v\u00e9ritable partage de comp\u00e9tences, techniques et de passion avec Franck AUBRY,\u00a04\u00b0 Dan, DEJEPS, Champion de France V\u00e9t\u00e9rans Nous les remercions pour leur participation active, ainsi [&hellip;]<\/p>\n","protected":false},"author":1,"featured_media":0,"comment_status":"open","ping_status":"open","sticky":false,"template":"","format":"standard","meta":[],"categories":[36,7],"tags":[51,278,284],"_links":{"self":[{"href":"https:\/\/artsmartiauxcompiegnois.fr\/index.php?rest_route=\/wp\/v2\/posts\/6962"}],"collection":[{"href":"https:\/\/artsmartiauxcompiegnois.fr\/index.php?rest_route=\/wp\/v2\/posts"}],"about":[{"href":"https:\/\/artsmartiauxcompiegnois.fr\/index.php?rest_route=\/wp\/v2\/types\/post"}],"author":[{"embeddable":true,"href":"https:\/\/artsmartiauxcompiegnois.fr\/index.php?rest_route=\/wp\/v2\/users\/1"}],"replies":[{"embeddable":true,"href":"https:\/\/artsmartiauxcompiegnois.fr\/index.php?rest_route=%2Fwp%2Fv2%2Fcomments&post=6962"}],"version-history":[{"count":2,"href":"https:\/\/artsmartiauxcompiegnois.fr\/index.php?rest_route=\/wp\/v2\/posts\/6962\/revisions"}],"predecessor-version":[{"id":6967,"href":"https:\/\/artsmartiauxcompiegnois.fr\/index.php?rest_route=\/wp\/v2\/posts\/6962\/revisions\/6967"}],"wp:attachment":[{"href":"https:\/\/artsmartiauxcompiegnois.fr\/index.php?rest_route=%2Fwp%2Fv2%2Fmedia&parent=6962"}],"wp:term":[{"taxonomy":"category","embeddable":true,"href":"https:\/\/artsmartiauxcompiegnois.fr\/index.php?rest_route=%2Fwp%2Fv2%2Fcategories&post=6962"},{"taxonomy":"post_tag","embeddable":true,"href":"https:\/\/artsmartiauxcompiegnois.fr\/index.php?rest_route=%2Fwp%2Fv2%2Ftags&post=6962"}],"curies":[{"name":"wp","href":"https:\/\/api.w.org\/{rel}","templated":true}]}}