{"id":7025,"date":"2018-11-24T17:15:14","date_gmt":"2018-11-24T15:15:14","guid":{"rendered":"http:\/\/artsmartiauxcompiegnois.fr\/?p=7025"},"modified":"2018-11-24T17:30:34","modified_gmt":"2018-11-24T15:30:34","slug":"une-semaine-pour-le-telethon-aux-arts-martiaux-compiegnois","status":"publish","type":"post","link":"https:\/\/artsmartiauxcompiegnois.fr\/?p=7025","title":{"rendered":"Une semaine pour le T\u00e9l\u00e9thon aux Arts Martiaux Compi\u00e9gnois"},"content":{"rendered":"<h2><a href=\"http:\/\/artsmartiauxcompiegnois.fr\/wp-content\/uploads\/2018\/11\/telethon2018-2.png\"><img loading=\"lazy\" class=\"size-medium wp-image-7023 alignleft\" src=\"http:\/\/artsmartiauxcompiegnois.fr\/wp-content\/uploads\/2018\/11\/telethon2018-2-278x300.png\" alt=\"\" width=\"278\" height=\"300\" srcset=\"https:\/\/artsmartiauxcompiegnois.fr\/wp-content\/uploads\/2018\/11\/telethon2018-2-278x300.png 278w, https:\/\/artsmartiauxcompiegnois.fr\/wp-content\/uploads\/2018\/11\/telethon2018-2-165x178.png 165w, https:\/\/artsmartiauxcompiegnois.fr\/wp-content\/uploads\/2018\/11\/telethon2018-2.png 658w\" sizes=\"(max-width: 278px) 100vw, 278px\" \/>En solidarit\u00e9 avec les personnes malades, nous mobilisons nos muscles pour donner de l&rsquo;\u00e9lan \u00e0 ces actions en faveur d&rsquo;une noble cause.<\/a><\/h2>\n<p>Pour aider les malades, leur entourage et la recherche, lors de son inscription chaque participant, \u00e0 ces challenges &#8211; comp\u00e9titions &#8211; actions sportives sp\u00e9cifiques, effectuera un don de 5\u20ac en faveur du T\u00e9l\u00e9thon. Bien entendu, tout don suppl\u00e9mentaire est accept\u00e9.<\/p>\n<p>Le Club des Arts Martiaux Compo\u00e9gnois offrira une m\u00e9daille \u00e0 tous les enfants participants. Les adultes qui remporteront les trois premi\u00e8res places, dans les concours par disciplines et cat\u00e9gories seront r\u00e9compens\u00e9s par la remise de m\u00e9dailles d&rsquo;Or, Argent et Bronze.<\/p>\n<h3><em><strong>Retrouvez le calendrier des activit\u00e9s de notre semaine pour le T\u00e9l\u00e9thon, dans la rubrique <a href=\"http:\/\/artsmartiauxcompiegnois.fr\/event\/telethon-2018-aux-arts-martiaux-compiegnois-du-29-novembre-au-07-decembre-2018-reservez-dores-et-deja-ces-horaires-pour-venir-participer-a-cet-elan-de-generosite\/\">\u00ab\u00a0Ev\u00e9nements \u00e0 venir<\/a>\u00ab\u00a0.<\/strong><\/em><\/h3>\n<p>Nous vous f\u00e9licitons par avance de votre participation et de votre g\u00e9n\u00e9rosit\u00e9.<\/p>\n<p>Nous remercions chaleureusement nos encadrants, assistants, b\u00e9n\u00e9voles, et membres du Comit\u00e9 Directeur qui s&rsquo;impliquent dans cet \u00e9v\u00e9nement.<\/p>\n<p>&nbsp;<\/p>\n","protected":false},"excerpt":{"rendered":"<p>En solidarit\u00e9 avec les personnes malades, nous mobilisons nos muscles pour donner de l&rsquo;\u00e9lan \u00e0 ces actions en faveur d&rsquo;une noble cause. Pour aider les malades, leur entourage et la recherche, lors de son inscription chaque participant, \u00e0 ces challenges &#8211; comp\u00e9titions &#8211; actions sportives sp\u00e9cifiques, effectuera un don de 5\u20ac en faveur du T\u00e9l\u00e9thon. [&hellip;]<\/p>\n","protected":false},"author":1,"featured_media":0,"comment_status":"open","ping_status":"open","sticky":false,"template":"","format":"standard","meta":[],"categories":[253,256,3,2,4,235,7,5],"tags":[51,61,179,111,55,129,208],"_links":{"self":[{"href":"https:\/\/artsmartiauxcompiegnois.fr\/index.php?rest_route=\/wp\/v2\/posts\/7025"}],"collection":[{"href":"https:\/\/artsmartiauxcompiegnois.fr\/index.php?rest_route=\/wp\/v2\/posts"}],"about":[{"href":"https:\/\/artsmartiauxcompiegnois.fr\/index.php?rest_route=\/wp\/v2\/types\/post"}],"author":[{"embeddable":true,"href":"https:\/\/artsmartiauxcompiegnois.fr\/index.php?rest_route=\/wp\/v2\/users\/1"}],"replies":[{"embeddable":true,"href":"https:\/\/artsmartiauxcompiegnois.fr\/index.php?rest_route=%2Fwp%2Fv2%2Fcomments&post=7025"}],"version-history":[{"count":6,"href":"https:\/\/artsmartiauxcompiegnois.fr\/index.php?rest_route=\/wp\/v2\/posts\/7025\/revisions"}],"predecessor-version":[{"id":7031,"href":"https:\/\/artsmartiauxcompiegnois.fr\/index.php?rest_route=\/wp\/v2\/posts\/7025\/revisions\/7031"}],"wp:attachment":[{"href":"https:\/\/artsmartiauxcompiegnois.fr\/index.php?rest_route=%2Fwp%2Fv2%2Fmedia&parent=7025"}],"wp:term":[{"taxonomy":"category","embeddable":true,"href":"https:\/\/artsmartiauxcompiegnois.fr\/index.php?rest_route=%2Fwp%2Fv2%2Fcategories&post=7025"},{"taxonomy":"post_tag","embeddable":true,"href":"https:\/\/artsmartiauxcompiegnois.fr\/index.php?rest_route=%2Fwp%2Fv2%2Ftags&post=7025"}],"curies":[{"name":"wp","href":"https:\/\/api.w.org\/{rel}","templated":true}]}}