{"id":7044,"date":"2018-11-30T14:46:18","date_gmt":"2018-11-30T12:46:18","guid":{"rendered":"http:\/\/artsmartiauxcompiegnois.fr\/?p=7044"},"modified":"2018-11-30T14:46:18","modified_gmt":"2018-11-30T12:46:18","slug":"29-novembre-2019-top-depart-pour-la-semaine-du-telethon","status":"publish","type":"post","link":"https:\/\/artsmartiauxcompiegnois.fr\/?p=7044","title":{"rendered":"29 novembre 2019 : TOP DEPART POUR LA SEMAINE DU TELETHON"},"content":{"rendered":"<h1>Jeudi 29 novembre 2018, les cours de KRAV-MAGA et KARATE Adultes\/Ado ont donn\u00e9 le coup d&rsquo;envoi de cette semaine de la g\u00e9n\u00e9rosit\u00e9 en faveur du TELETHON 2018<\/h1>\n<div id=\"js_480\" class=\"_5pbx userContent _3576\" data-ad-preview=\"message\" data-ft=\"{&quot;tn&quot;:&quot;K&quot;}\">\n<div id=\"id_5c012e3240a0f9913415559\" class=\"text_exposed_root text_exposed\">\n<p>Durant toute la semaine, jusqu&rsquo;au 07 d\u00e9cembre 2018, les s\u00e9ances de cours de chaque discipline sont d\u00e9di\u00e9es au TELETHON 2018.<\/p>\n<div class=\"text_exposed_show\">\n<p>Ces s\u00e9ances de cours sont donc sp\u00e9cifiques et les encadrants organisent des challenges, des comp\u00e9titions, des circuits en faveur de cette collecte pour le T\u00e9l\u00e9thon.<\/p>\n<p>Aussi, il est demand\u00e9 \u00e0 chacun une participation de 5 \u20ac pour suivre ces cours et participer \u00e0 ces \u00e9v\u00e9nements au cours de vos cours.<br \/>\nTous les enfants participants seront r\u00e9comlpens\u00e9s par le Club des Arts Martiaux en leur remettant une m\u00e9daille \u00e0 chacun.<br \/>\nPour les adultes, les trois premiers de ces concours seront r\u00e9compens\u00e9s par une m\u00e9daille en fonction de leur classement.<\/p>\n<p>Le club, le Comit\u00e9 Directeur, le secr\u00e9tariat, les encadrants et les b\u00e9n\u00e9voles se mobilisent pour cette noble cause, tant en temps, \u00e9n\u00e9rgie qu&rsquo;en don. Rejoignez-nous en apportant votre contribution symbolique que nous vous sugg\u00e9rons.<\/p>\n<h4><span style=\"color: #ff0000;\">Nous vous remercions pour le versement de 5\u20ac que vous et\/ou votre enfant ferez avant d&rsquo;entrer sur le tatamis, signe de votre g\u00e9n\u00e9rosit\u00e9 qui refl\u00e8te les valeurs morales que nous partageons ensemble dans l&rsquo;esprit des Arts Martiaux.<\/span><\/h4>\n<\/div>\n<\/div>\n<\/div>\n","protected":false},"excerpt":{"rendered":"<p>Jeudi 29 novembre 2018, les cours de KRAV-MAGA et KARATE Adultes\/Ado ont donn\u00e9 le coup d&rsquo;envoi de cette semaine de la g\u00e9n\u00e9rosit\u00e9 en faveur du TELETHON 2018 Durant toute la semaine, jusqu&rsquo;au 07 d\u00e9cembre 2018, les s\u00e9ances de cours de chaque discipline sont d\u00e9di\u00e9es au TELETHON 2018. Ces s\u00e9ances de cours sont donc sp\u00e9cifiques et [&hellip;]<\/p>\n","protected":false},"author":1,"featured_media":7046,"comment_status":"open","ping_status":"open","sticky":false,"template":"","format":"standard","meta":[],"categories":[253,257,3,2,4,235,140,7,269,5],"tags":[51,208],"_links":{"self":[{"href":"https:\/\/artsmartiauxcompiegnois.fr\/index.php?rest_route=\/wp\/v2\/posts\/7044"}],"collection":[{"href":"https:\/\/artsmartiauxcompiegnois.fr\/index.php?rest_route=\/wp\/v2\/posts"}],"about":[{"href":"https:\/\/artsmartiauxcompiegnois.fr\/index.php?rest_route=\/wp\/v2\/types\/post"}],"author":[{"embeddable":true,"href":"https:\/\/artsmartiauxcompiegnois.fr\/index.php?rest_route=\/wp\/v2\/users\/1"}],"replies":[{"embeddable":true,"href":"https:\/\/artsmartiauxcompiegnois.fr\/index.php?rest_route=%2Fwp%2Fv2%2Fcomments&post=7044"}],"version-history":[{"count":2,"href":"https:\/\/artsmartiauxcompiegnois.fr\/index.php?rest_route=\/wp\/v2\/posts\/7044\/revisions"}],"predecessor-version":[{"id":7047,"href":"https:\/\/artsmartiauxcompiegnois.fr\/index.php?rest_route=\/wp\/v2\/posts\/7044\/revisions\/7047"}],"wp:featuredmedia":[{"embeddable":true,"href":"https:\/\/artsmartiauxcompiegnois.fr\/index.php?rest_route=\/wp\/v2\/media\/7046"}],"wp:attachment":[{"href":"https:\/\/artsmartiauxcompiegnois.fr\/index.php?rest_route=%2Fwp%2Fv2%2Fmedia&parent=7044"}],"wp:term":[{"taxonomy":"category","embeddable":true,"href":"https:\/\/artsmartiauxcompiegnois.fr\/index.php?rest_route=%2Fwp%2Fv2%2Fcategories&post=7044"},{"taxonomy":"post_tag","embeddable":true,"href":"https:\/\/artsmartiauxcompiegnois.fr\/index.php?rest_route=%2Fwp%2Fv2%2Ftags&post=7044"}],"curies":[{"name":"wp","href":"https:\/\/api.w.org\/{rel}","templated":true}]}}