{"id":8059,"date":"2019-02-28T16:36:05","date_gmt":"2019-02-28T14:36:05","guid":{"rendered":"http:\/\/artsmartiauxcompiegnois.fr\/?p=8059"},"modified":"2019-02-28T16:37:30","modified_gmt":"2019-02-28T14:37:30","slug":"coupe-de-la-ligue-des-hauts-de-france-de-tai-jitsu-10-03-2019","status":"publish","type":"post","link":"https:\/\/artsmartiauxcompiegnois.fr\/?p=8059","title":{"rendered":"Coupe de la Ligue des Hauts de France de Ta\u00ef-Jitsu -10\/03\/2019"},"content":{"rendered":"<h1>A NOTER DANS VOTRE AGENDA<\/h1>\n<p>Le club des Arts Martiaux Compi\u00e8gnois, avec la ligue des Hauts de France, organisent la Coupe R\u00e9gionale des Hauts de France de Ta\u00ef-Jitsu \u00e0 Compi\u00e8gne le 10 mars 2019, 1 rue rouget de l&rsquo;Isle \u00e0 Compi\u00e8gne.<\/p>\n<p>Cette rencontre compte dans le circuit officiel du Championnat de France et accueillera pr\u00e8s de 200 comp\u00e9titeurs issus des diff\u00e9rents club de nos d\u00e9partements.<\/p>\n<p>Nous vous invitons \u00e0 r\u00e9server cette date dans vos agendas, pour y participer en fonction de votre qualification et\/ou y assister.<\/p>\n","protected":false},"excerpt":{"rendered":"<p>A NOTER DANS VOTRE AGENDA Le club des Arts Martiaux Compi\u00e8gnois, avec la ligue des Hauts de France, organisent la Coupe R\u00e9gionale des Hauts de France de Ta\u00ef-Jitsu \u00e0 Compi\u00e8gne le 10 mars 2019, 1 rue rouget de l&rsquo;Isle \u00e0 Compi\u00e8gne. Cette rencontre compte dans le circuit officiel du Championnat de France et accueillera pr\u00e8s [&hellip;]<\/p>\n","protected":false},"author":1,"featured_media":8057,"comment_status":"open","ping_status":"open","sticky":false,"template":"","format":"standard","meta":[],"categories":[31,7,5],"tags":[51,213,59],"_links":{"self":[{"href":"https:\/\/artsmartiauxcompiegnois.fr\/index.php?rest_route=\/wp\/v2\/posts\/8059"}],"collection":[{"href":"https:\/\/artsmartiauxcompiegnois.fr\/index.php?rest_route=\/wp\/v2\/posts"}],"about":[{"href":"https:\/\/artsmartiauxcompiegnois.fr\/index.php?rest_route=\/wp\/v2\/types\/post"}],"author":[{"embeddable":true,"href":"https:\/\/artsmartiauxcompiegnois.fr\/index.php?rest_route=\/wp\/v2\/users\/1"}],"replies":[{"embeddable":true,"href":"https:\/\/artsmartiauxcompiegnois.fr\/index.php?rest_route=%2Fwp%2Fv2%2Fcomments&post=8059"}],"version-history":[{"count":3,"href":"https:\/\/artsmartiauxcompiegnois.fr\/index.php?rest_route=\/wp\/v2\/posts\/8059\/revisions"}],"predecessor-version":[{"id":8062,"href":"https:\/\/artsmartiauxcompiegnois.fr\/index.php?rest_route=\/wp\/v2\/posts\/8059\/revisions\/8062"}],"wp:featuredmedia":[{"embeddable":true,"href":"https:\/\/artsmartiauxcompiegnois.fr\/index.php?rest_route=\/wp\/v2\/media\/8057"}],"wp:attachment":[{"href":"https:\/\/artsmartiauxcompiegnois.fr\/index.php?rest_route=%2Fwp%2Fv2%2Fmedia&parent=8059"}],"wp:term":[{"taxonomy":"category","embeddable":true,"href":"https:\/\/artsmartiauxcompiegnois.fr\/index.php?rest_route=%2Fwp%2Fv2%2Fcategories&post=8059"},{"taxonomy":"post_tag","embeddable":true,"href":"https:\/\/artsmartiauxcompiegnois.fr\/index.php?rest_route=%2Fwp%2Fv2%2Ftags&post=8059"}],"curies":[{"name":"wp","href":"https:\/\/api.w.org\/{rel}","templated":true}]}}