{"id":8086,"date":"2019-03-11T14:37:02","date_gmt":"2019-03-11T12:37:02","guid":{"rendered":"http:\/\/artsmartiauxcompiegnois.fr\/?p=8086"},"modified":"2019-03-14T15:01:54","modified_gmt":"2019-03-14T13:01:54","slug":"championnat-de-ligue-regionale-de-hauts-de-france-de-tai-jitsu-compiegne-10-mars-2019","status":"publish","type":"post","link":"https:\/\/artsmartiauxcompiegnois.fr\/?p=8086","title":{"rendered":"Championnat de Ligue r\u00e9gionale de Hauts de France de Ta\u00ef-Jitsu &#8211; Compi\u00e8gne 10 mars 2019"},"content":{"rendered":"<p>Le Club des Arts Martiaux Compi\u00e9gnois a re\u00e7u dans ses locaux sportifs, le Championnat de Ligue r\u00e9gionale de Hauts de France de Ta\u00ef-Jitsu.<\/p>\n<p>Plus de 250 comp\u00e9titeurs ont particip\u00e9 \u00e0 cet \u00e9v\u00e9nement et pr\u00e8s de 400 parents sont venus les encourager. Notons que nombre d&rsquo;entre eux sont arriv\u00e9s d\u00e8s samedi, pour pouvoir \u00eatre pr\u00eat d\u00e8s l&rsquo;ouverture de cette comp\u00e9tition \u00e0 08h00.<\/p>\n<p>Les repr\u00e9sentants de la f\u00e9d\u00e9ration de karat\u00e9 et disciplines associ\u00e9es \u00e9taient \u00e9galement pr\u00e9sents \u00e0 Compi\u00e8gne : Georges LAMARQUE Pr\u00e9sident Hauts-De-France de Karat\u00e9 et disciplines associ\u00e9es, Abdallah ABOUBAKER, Pr\u00e9sident du Comit\u00e9 de l\u2019Oise de Karat\u00e9, Pascal THIBAUT Responsable national et r\u00e9gional de Taijitsu, Philippe DHERBECOURT Pr\u00e9sident de la Zone Inter D\u00e9partementale de Picardie Jean-Jacques HAZARD Commissaire sportif et technique de la ZID et Jacky ZAMUDIO Directeur technique D\u00e9partemental, et bien entendu Akim BAHMED, Pr\u00e9sident de notre Club, Vice-Pr\u00e9sident du Comit\u00e9 D\u00e9partemental de l&rsquo;Oise de Karat\u00e9.<\/p>\n<p>Le club des Arts Martiaux Compi\u00e8gnois \u00e9tait repr\u00e9sent\u00e9 sur les tatamis par trois comp\u00e9titeurs, et ses b\u00e9n\u00e9voles venus pr\u00e9ter main forte pour la r\u00e9ussite de cet \u00e9v\u00e9nement.<\/p>\n<p>Retour en images dans l&rsquo;album photo de cette rencontre sportive<\/p>\n<div style=\"width: 960px;\" class=\"wp-video\"><!--[if lt IE 9]><script>document.createElement('video');<\/script><![endif]-->\n<video class=\"wp-video-shortcode\" id=\"video-8086-1\" width=\"960\" height=\"540\" preload=\"metadata\" controls=\"controls\"><source type=\"video\/mp4\" src=\"http:\/\/artsmartiauxcompiegnois.fr\/wp-content\/uploads\/2019\/03\/2019-03-10_Taille-moyenne.mp4?_=1\" \/><a href=\"http:\/\/artsmartiauxcompiegnois.fr\/wp-content\/uploads\/2019\/03\/2019-03-10_Taille-moyenne.mp4\">http:\/\/artsmartiauxcompiegnois.fr\/wp-content\/uploads\/2019\/03\/2019-03-10_Taille-moyenne.mp4<\/a><\/video><\/div>\n","protected":false},"excerpt":{"rendered":"<p>Le Club des Arts Martiaux Compi\u00e9gnois a re\u00e7u dans ses locaux sportifs, le Championnat de Ligue r\u00e9gionale de Hauts de France de Ta\u00ef-Jitsu. Plus de 250 comp\u00e9titeurs ont particip\u00e9 \u00e0 cet \u00e9v\u00e9nement et pr\u00e8s de 400 parents sont venus les encourager. Notons que nombre d&rsquo;entre eux sont arriv\u00e9s d\u00e8s samedi, pour pouvoir \u00eatre pr\u00eat d\u00e8s [&hellip;]<\/p>\n","protected":false},"author":1,"featured_media":8089,"comment_status":"open","ping_status":"open","sticky":false,"template":"","format":"standard","meta":[],"categories":[31,36,7,5],"tags":[51,221,314,310,59],"_links":{"self":[{"href":"https:\/\/artsmartiauxcompiegnois.fr\/index.php?rest_route=\/wp\/v2\/posts\/8086"}],"collection":[{"href":"https:\/\/artsmartiauxcompiegnois.fr\/index.php?rest_route=\/wp\/v2\/posts"}],"about":[{"href":"https:\/\/artsmartiauxcompiegnois.fr\/index.php?rest_route=\/wp\/v2\/types\/post"}],"author":[{"embeddable":true,"href":"https:\/\/artsmartiauxcompiegnois.fr\/index.php?rest_route=\/wp\/v2\/users\/1"}],"replies":[{"embeddable":true,"href":"https:\/\/artsmartiauxcompiegnois.fr\/index.php?rest_route=%2Fwp%2Fv2%2Fcomments&post=8086"}],"version-history":[{"count":5,"href":"https:\/\/artsmartiauxcompiegnois.fr\/index.php?rest_route=\/wp\/v2\/posts\/8086\/revisions"}],"predecessor-version":[{"id":8277,"href":"https:\/\/artsmartiauxcompiegnois.fr\/index.php?rest_route=\/wp\/v2\/posts\/8086\/revisions\/8277"}],"wp:featuredmedia":[{"embeddable":true,"href":"https:\/\/artsmartiauxcompiegnois.fr\/index.php?rest_route=\/wp\/v2\/media\/8089"}],"wp:attachment":[{"href":"https:\/\/artsmartiauxcompiegnois.fr\/index.php?rest_route=%2Fwp%2Fv2%2Fmedia&parent=8086"}],"wp:term":[{"taxonomy":"category","embeddable":true,"href":"https:\/\/artsmartiauxcompiegnois.fr\/index.php?rest_route=%2Fwp%2Fv2%2Fcategories&post=8086"},{"taxonomy":"post_tag","embeddable":true,"href":"https:\/\/artsmartiauxcompiegnois.fr\/index.php?rest_route=%2Fwp%2Fv2%2Ftags&post=8086"}],"curies":[{"name":"wp","href":"https:\/\/api.w.org\/{rel}","templated":true}]}}