{"id":8278,"date":"2019-03-17T13:24:39","date_gmt":"2019-03-17T11:24:39","guid":{"rendered":"http:\/\/artsmartiauxcompiegnois.fr\/?p=8278"},"modified":"2019-03-18T13:44:00","modified_gmt":"2019-03-18T11:44:00","slug":"carrefour-des-sports-a-venette-le-16-mars-2019","status":"publish","type":"post","link":"https:\/\/artsmartiauxcompiegnois.fr\/?p=8278","title":{"rendered":"Carrefour des sports \u00e0 Venette le 16 mars 2019"},"content":{"rendered":"<div class=\"\" data-block=\"true\" data-editor=\"b0hco\" data-offset-key=\"40mqi-0-0\">\n<div class=\"_1mf _1mj\" data-offset-key=\"40mqi-0-0\"><span data-offset-key=\"40mqi-0-0\">Samedi 16 mars 2019, le Club des Arts Martiaux Compi\u00e9gnois a install\u00e9 ses tatamis dans le Hall de l&rsquo;entr\u00e9e principale du Centre Commercial Carrefour \u00e0 Venette. Le Club \u00e9tait repr\u00e9sent\u00e9 par son Vice Pr\u00e9sident Tiny Everard, tandis que Akim Bahmed, Pr\u00e9sident du Club \u00e9tait au Championnat de Ligue des Hauts de France de Karat\u00e9.<\/span><\/div>\n<\/div>\n<div class=\"\" data-block=\"true\" data-editor=\"b0hco\" data-offset-key=\"5brpj-0-0\">\n<div class=\"_1mf _1mj\" data-offset-key=\"5brpj-0-0\"><span data-offset-key=\"5brpj-0-0\">\u00a0<\/span><\/div>\n<\/div>\n<div class=\"\" data-block=\"true\" data-editor=\"b0hco\" data-offset-key=\"2rb3k-0-0\">\n<div class=\"_1mf _1mj\" data-offset-key=\"2rb3k-0-0\"><span data-offset-key=\"2rb3k-0-0\">Lors de cet \u00e9v\u00e9nement compi\u00e9gnois du Carrefour des sports organis\u00e9 par l&rsquo;Osarc, le club des Arts Martiaux Compi\u00e9gnois, a tenu un stand pour vous recevoir et vous renseigner de 09H00 \u00e0 18H00.<\/span><\/div>\n<\/div>\n<div class=\"\" data-block=\"true\" data-editor=\"b0hco\" data-offset-key=\"6stte-0-0\">\n<div class=\"_1mf _1mj\" data-offset-key=\"6stte-0-0\"><span data-offset-key=\"6stte-0-0\">\u00a0<\/span><\/div>\n<\/div>\n<div class=\"\" data-block=\"true\" data-editor=\"b0hco\" data-offset-key=\"8sa0f-0-0\">\n<div class=\"_1mf _1mj\" data-offset-key=\"8sa0f-0-0\"><span data-offset-key=\"8sa0f-0-0\">Au cours de l&rsquo;apr\u00e8s midi de 13H30 \u00e0 15H30,une cinquantaine de nos sportfs et encadrants, vous ont pr\u00e9sent\u00e9 les diff\u00e9rentes disciplines enseign\u00e9es \u00e0 l&rsquo;AMC. Ces d\u00e9monstrations dynamiques qui ont su capter l&rsquo;attention du public.<\/span><\/div>\n<\/div>\n<div class=\"\" data-block=\"true\" data-editor=\"b0hco\" data-offset-key=\"dks98-0-0\">\n<div class=\"_1mf _1mj\" data-offset-key=\"dks98-0-0\"><span data-offset-key=\"dks98-0-0\">\u00a0<\/span><\/div>\n<\/div>\n<div class=\"\" data-block=\"true\" data-editor=\"b0hco\" data-offset-key=\"45e6o-0-0\">\n<div class=\"_1mf _1mj\" data-offset-key=\"45e6o-0-0\"><span data-offset-key=\"45e6o-0-0\">Le public a pu observer les techniques de Kata et Combats du Judo, du Karat\u00e9, du Tai-Jitsu, le Krav-Maga et enfin le MMA.<\/span><\/div>\n<\/div>\n<div class=\"\" data-block=\"true\" data-editor=\"b0hco\" data-offset-key=\"8u9i0-0-0\">\n<div class=\"_1mf _1mj\" data-offset-key=\"8u9i0-0-0\"><span data-offset-key=\"8u9i0-0-0\">\u00a0<\/span><\/div>\n<\/div>\n<div class=\"\" data-block=\"true\" data-editor=\"b0hco\" data-offset-key=\"80id4-0-0\">\n<div class=\"_1mf _1mj\" data-offset-key=\"80id4-0-0\"><span data-offset-key=\"80id4-0-0\">La participation active de nos sportifs, m\u00e9lant selon les disciplines, petits et grands, ainsi que les mises en situations de sc\u00e8nes de d\u00e9fense a conquis un public enthousiaste et nombreux.<\/span><\/div>\n<\/div>\n<div class=\"\" data-block=\"true\" data-editor=\"b0hco\" data-offset-key=\"9tk1p-0-0\">\n<div class=\"_1mf _1mj\" data-offset-key=\"9tk1p-0-0\"><span data-offset-key=\"9tk1p-0-0\">\u00a0<\/span><\/div>\n<\/div>\n<div class=\"\" data-block=\"true\" data-editor=\"b0hco\" data-offset-key=\"ak011-0-0\">\n<div class=\"_1mf _1mj\" data-offset-key=\"ak011-0-0\"><span data-offset-key=\"ak011-0-0\">Nous remercions vivement les b\u00e9n\u00e9voles, adh\u00e9rents, encadrants et salari\u00e9s pour la r\u00e9ussite de cette journ\u00e9e<\/span><\/div>\n<\/div>\n<div class=\"\" data-block=\"true\" data-editor=\"b0hco\" data-offset-key=\"e59pd-0-0\">\n<div class=\"_1mf _1mj\" data-offset-key=\"e59pd-0-0\"><span data-offset-key=\"e59pd-0-0\">\u00a0<\/span><\/div>\n<\/div>\n<div class=\"\" data-block=\"true\" data-editor=\"b0hco\" data-offset-key=\"1ckrq-0-0\">\n<div class=\"_1mf _1mj\" data-offset-key=\"1ckrq-0-0\"><span data-offset-key=\"1ckrq-0-0\">Retour en images dans notre animation.<\/span><\/div>\n<\/div>\n<p>&nbsp;<\/p>\n<div style=\"width: 960px;\" class=\"wp-video\"><!--[if lt IE 9]><script>document.createElement('video');<\/script><![endif]-->\n<video class=\"wp-video-shortcode\" id=\"video-8278-1\" width=\"960\" height=\"540\" preload=\"metadata\" controls=\"controls\"><source type=\"video\/mp4\" src=\"http:\/\/artsmartiauxcompiegnois.fr\/wp-content\/uploads\/2019\/03\/20190316-carrefour-des-sports-AMC_Taille-moyenne.mp4?_=1\" \/><a href=\"http:\/\/artsmartiauxcompiegnois.fr\/wp-content\/uploads\/2019\/03\/20190316-carrefour-des-sports-AMC_Taille-moyenne.mp4\">http:\/\/artsmartiauxcompiegnois.fr\/wp-content\/uploads\/2019\/03\/20190316-carrefour-des-sports-AMC_Taille-moyenne.mp4<\/a><\/video><\/div>\n","protected":false},"excerpt":{"rendered":"<p>Samedi 16 mars 2019, le Club des Arts Martiaux Compi\u00e9gnois a install\u00e9 ses tatamis dans le Hall de l&rsquo;entr\u00e9e principale du Centre Commercial Carrefour \u00e0 Venette. Le Club \u00e9tait repr\u00e9sent\u00e9 par son Vice Pr\u00e9sident Tiny Everard, tandis que Akim Bahmed, Pr\u00e9sident du Club \u00e9tait au Championnat de Ligue des Hauts de France de Karat\u00e9. \u00a0 [&hellip;]<\/p>\n","protected":false},"author":1,"featured_media":0,"comment_status":"open","ping_status":"open","sticky":false,"template":"","format":"standard","meta":[],"categories":[3,81,2,4,235,140,7,269,5],"tags":[51,231,179,55,129,315,106,59],"_links":{"self":[{"href":"https:\/\/artsmartiauxcompiegnois.fr\/index.php?rest_route=\/wp\/v2\/posts\/8278"}],"collection":[{"href":"https:\/\/artsmartiauxcompiegnois.fr\/index.php?rest_route=\/wp\/v2\/posts"}],"about":[{"href":"https:\/\/artsmartiauxcompiegnois.fr\/index.php?rest_route=\/wp\/v2\/types\/post"}],"author":[{"embeddable":true,"href":"https:\/\/artsmartiauxcompiegnois.fr\/index.php?rest_route=\/wp\/v2\/users\/1"}],"replies":[{"embeddable":true,"href":"https:\/\/artsmartiauxcompiegnois.fr\/index.php?rest_route=%2Fwp%2Fv2%2Fcomments&post=8278"}],"version-history":[{"count":1,"href":"https:\/\/artsmartiauxcompiegnois.fr\/index.php?rest_route=\/wp\/v2\/posts\/8278\/revisions"}],"predecessor-version":[{"id":8280,"href":"https:\/\/artsmartiauxcompiegnois.fr\/index.php?rest_route=\/wp\/v2\/posts\/8278\/revisions\/8280"}],"wp:attachment":[{"href":"https:\/\/artsmartiauxcompiegnois.fr\/index.php?rest_route=%2Fwp%2Fv2%2Fmedia&parent=8278"}],"wp:term":[{"taxonomy":"category","embeddable":true,"href":"https:\/\/artsmartiauxcompiegnois.fr\/index.php?rest_route=%2Fwp%2Fv2%2Fcategories&post=8278"},{"taxonomy":"post_tag","embeddable":true,"href":"https:\/\/artsmartiauxcompiegnois.fr\/index.php?rest_route=%2Fwp%2Fv2%2Ftags&post=8278"}],"curies":[{"name":"wp","href":"https:\/\/api.w.org\/{rel}","templated":true}]}}