{"id":8282,"date":"2019-03-18T14:08:48","date_gmt":"2019-03-18T12:08:48","guid":{"rendered":"http:\/\/artsmartiauxcompiegnois.fr\/?p=8282"},"modified":"2019-03-21T21:48:04","modified_gmt":"2019-03-21T19:48:04","slug":"championnat-de-ligue-des-hauts-de-france-karate-kata-combats-16-et-17-mars-2019","status":"publish","type":"post","link":"https:\/\/artsmartiauxcompiegnois.fr\/?p=8282","title":{"rendered":"Championnat de Ligue des Hauts de France Karat\u00e9 Kata-Combats 16 et 17 mars 2019"},"content":{"rendered":"<p>Le Club des Arts Martiaux Compi\u00e9gnois \u00e9tait au Championnat de Ligue des Hauts de France de Karat\u00e9 Kata-Combats \u00e0 Wasquehal samedi 16 et dimanche 17 mars 2019.<\/p>\n<p>Nous sommes fiers de nos repr\u00e9sentants,de nos sportifs, encadrants, salari\u00e9s et v\u00e9n\u00e9voles qui s&rsquo;investissent pour permettre au Club d&rsquo;\u00eatre sur tous les fronts.<\/p>\n<p>Nous f\u00e9licitons Isra pour sa qualification pour le championnat de France, en cat\u00e9gorie minimes Kata qui se d\u00e9rouleront le 6 avril 2019 \u00e0 Lille en Kata et en\u00a0<span class=\"text_exposed_show\">Combats le 2 juin 2019 \u00e0 Clermont-Ferrand.<\/span><\/p>\n<div class=\"text_exposed_show\">\n<p>H\u00e9las Yusra, bless\u00e9e \u00e0 la cheville, n&rsquo;a pas pi d\u00e9passer le 1er tour au championnat Hauts de France de Karat\u00e9 Combats cat\u00e9gorie Cadets, ce dimanche 17 mars 2019 \u00e0 Wasquehal. Nous sommes fiers de toi Yusra pour ton parcours sportif.<\/p>\n<p>En cat\u00e9gorie S\u00e9nior : M\u00e9lany Grandoni et Laur\u00e8ne Charlec se sont class\u00e9es 3\u00e8me et se qualifient pour le Championnat de France.<\/p>\n<p>Notons remercions les encadrants, Toufik Haddouchi (karat\u00e9 enfant) et Jacky Zamudio (karat\u00e9 adulte), ainsi que les comp\u00e9titeurs pour leur participation active.<\/p>\n<\/div>\n<div class=\"text_exposed_show\">\n<p><img class=\"aligncenter\" src=\"https:\/\/scontent-cdt1-1.xx.fbcdn.net\/v\/t1.0-9\/54255778_2206361816065556_1856802138307428352_n.png?_nc_cat=110&amp;_nc_eui2=AeEpOPZGK_fPE2a0baYIgy-2R55yWWRK0nfLjP_dAor7zj6gIR45o7FnAmMuBO0Q_6wkij0fcDc-Oru_EBAPmqLmJG_yZe3H-Tq58hi0jeHE8Q&amp;_nc_ht=scontent-cdt1-1.xx&amp;oh=b04f3adc78f7b9bd8654795657b0102f&amp;oe=5D0C7B59\" alt=\"L\u00e2\u0080\u0099image contient peut-\u00c3\u00aatre\u00c2\u00a0: 4 personnes, personnes souriantes, personnes debout\" \/><\/p>\n<\/div>\n","protected":false},"excerpt":{"rendered":"<p>Le Club des Arts Martiaux Compi\u00e9gnois \u00e9tait au Championnat de Ligue des Hauts de France de Karat\u00e9 Kata-Combats \u00e0 Wasquehal samedi 16 et dimanche 17 mars 2019. Nous sommes fiers de nos repr\u00e9sentants,de nos sportifs, encadrants, salari\u00e9s et v\u00e9n\u00e9voles qui s&rsquo;investissent pour permettre au Club d&rsquo;\u00eatre sur tous les fronts. Nous f\u00e9licitons Isra pour sa [&hellip;]<\/p>\n","protected":false},"author":1,"featured_media":0,"comment_status":"open","ping_status":"open","sticky":false,"template":"","format":"standard","meta":[],"categories":[29,4,7],"tags":[51,221,55,310],"_links":{"self":[{"href":"https:\/\/artsmartiauxcompiegnois.fr\/index.php?rest_route=\/wp\/v2\/posts\/8282"}],"collection":[{"href":"https:\/\/artsmartiauxcompiegnois.fr\/index.php?rest_route=\/wp\/v2\/posts"}],"about":[{"href":"https:\/\/artsmartiauxcompiegnois.fr\/index.php?rest_route=\/wp\/v2\/types\/post"}],"author":[{"embeddable":true,"href":"https:\/\/artsmartiauxcompiegnois.fr\/index.php?rest_route=\/wp\/v2\/users\/1"}],"replies":[{"embeddable":true,"href":"https:\/\/artsmartiauxcompiegnois.fr\/index.php?rest_route=%2Fwp%2Fv2%2Fcomments&post=8282"}],"version-history":[{"count":4,"href":"https:\/\/artsmartiauxcompiegnois.fr\/index.php?rest_route=\/wp\/v2\/posts\/8282\/revisions"}],"predecessor-version":[{"id":8299,"href":"https:\/\/artsmartiauxcompiegnois.fr\/index.php?rest_route=\/wp\/v2\/posts\/8282\/revisions\/8299"}],"wp:attachment":[{"href":"https:\/\/artsmartiauxcompiegnois.fr\/index.php?rest_route=%2Fwp%2Fv2%2Fmedia&parent=8282"}],"wp:term":[{"taxonomy":"category","embeddable":true,"href":"https:\/\/artsmartiauxcompiegnois.fr\/index.php?rest_route=%2Fwp%2Fv2%2Fcategories&post=8282"},{"taxonomy":"post_tag","embeddable":true,"href":"https:\/\/artsmartiauxcompiegnois.fr\/index.php?rest_route=%2Fwp%2Fv2%2Ftags&post=8282"}],"curies":[{"name":"wp","href":"https:\/\/api.w.org\/{rel}","templated":true}]}}