{"id":8329,"date":"2019-03-28T08:55:20","date_gmt":"2019-03-28T06:55:20","guid":{"rendered":"http:\/\/artsmartiauxcompiegnois.fr\/?p=8329"},"modified":"2019-03-30T21:52:56","modified_gmt":"2019-03-30T19:52:56","slug":"stage-de-karate-avec-jf-tisseyre-le-13-avril-2019-aux-arts-martiaux-compiegnois","status":"publish","type":"post","link":"https:\/\/artsmartiauxcompiegnois.fr\/?p=8329","title":{"rendered":"Stage de Karat\u00e9 avec JF TISSEYRE le 13 avril 2019 aux Arts Martiaux Compi\u00e8gnois"},"content":{"rendered":"<h1>Stage de karat\u00e9 avec l&rsquo;expert f\u00e9d\u00e9ral Jean-Fran\u00e7ois TISSEYRE, 7\u00e8me Dan, le Samedi 13 Avril 2019<\/h1>\n<h2>Horaire 14h00- 17h30 au Gymnase Robida, Rue Rouget de Lisle \u00e0 60200 COMPIEGNE<\/h2>\n<p><span style=\"color: #ff0000;\">Participation : 15 euros<\/span><\/p>\n<div class=\"text_exposed_show\">\n<ul>\n<li>Th\u00e8mes :<br \/>\n&#8211; 14h00\/15h30 Stage pr\u00e9paratoire aux grades<br \/>\n&#8211; 16h00\/17h30 Stage \u00e0 vocation traditionnelle<\/li>\n<\/ul>\n<p><span style=\"color: #ff0000;\">Le stage est ouvert \u00e0 tous les licenci\u00e9s FFKDA et donne droit \u00e0\u00a01 point de bonification pour les futurs candidats aux\u00a0grades.<\/span><\/p>\n<p>&nbsp;<\/p>\n<\/div>\n<div class=\"text_exposed_show\">\n<p style=\"text-align: right;\">T\u00e9l\u00e9chargez l&rsquo;affiche\u00a0 :\u00a0<a href=\"http:\/\/artsmartiauxcompiegnois.fr\/wp-content\/uploads\/2019\/03\/VISUEL_20172018_TISSEYRE.pdf\">VISUEL_20172018_TISSEYRE<\/a><\/p>\n<\/div>\n","protected":false},"excerpt":{"rendered":"<p>Stage de karat\u00e9 avec l&rsquo;expert f\u00e9d\u00e9ral Jean-Fran\u00e7ois TISSEYRE, 7\u00e8me Dan, le Samedi 13 Avril 2019 Horaire 14h00- 17h30 au Gymnase Robida, Rue Rouget de Lisle \u00e0 60200 COMPIEGNE Participation : 15 euros Th\u00e8mes : &#8211; 14h00\/15h30 Stage pr\u00e9paratoire aux grades &#8211; 16h00\/17h30 Stage \u00e0 vocation traditionnelle Le stage est ouvert \u00e0 tous les licenci\u00e9s FFKDA [&hellip;]<\/p>\n","protected":false},"author":1,"featured_media":8362,"comment_status":"open","ping_status":"open","sticky":false,"template":"","format":"standard","meta":[],"categories":[29,36,4,7],"tags":[51,238,55,272],"_links":{"self":[{"href":"https:\/\/artsmartiauxcompiegnois.fr\/index.php?rest_route=\/wp\/v2\/posts\/8329"}],"collection":[{"href":"https:\/\/artsmartiauxcompiegnois.fr\/index.php?rest_route=\/wp\/v2\/posts"}],"about":[{"href":"https:\/\/artsmartiauxcompiegnois.fr\/index.php?rest_route=\/wp\/v2\/types\/post"}],"author":[{"embeddable":true,"href":"https:\/\/artsmartiauxcompiegnois.fr\/index.php?rest_route=\/wp\/v2\/users\/1"}],"replies":[{"embeddable":true,"href":"https:\/\/artsmartiauxcompiegnois.fr\/index.php?rest_route=%2Fwp%2Fv2%2Fcomments&post=8329"}],"version-history":[{"count":5,"href":"https:\/\/artsmartiauxcompiegnois.fr\/index.php?rest_route=\/wp\/v2\/posts\/8329\/revisions"}],"predecessor-version":[{"id":8361,"href":"https:\/\/artsmartiauxcompiegnois.fr\/index.php?rest_route=\/wp\/v2\/posts\/8329\/revisions\/8361"}],"wp:featuredmedia":[{"embeddable":true,"href":"https:\/\/artsmartiauxcompiegnois.fr\/index.php?rest_route=\/wp\/v2\/media\/8362"}],"wp:attachment":[{"href":"https:\/\/artsmartiauxcompiegnois.fr\/index.php?rest_route=%2Fwp%2Fv2%2Fmedia&parent=8329"}],"wp:term":[{"taxonomy":"category","embeddable":true,"href":"https:\/\/artsmartiauxcompiegnois.fr\/index.php?rest_route=%2Fwp%2Fv2%2Fcategories&post=8329"},{"taxonomy":"post_tag","embeddable":true,"href":"https:\/\/artsmartiauxcompiegnois.fr\/index.php?rest_route=%2Fwp%2Fv2%2Ftags&post=8329"}],"curies":[{"name":"wp","href":"https:\/\/api.w.org\/{rel}","templated":true}]}}