{"id":8367,"date":"2019-03-31T17:50:31","date_gmt":"2019-03-31T15:50:31","guid":{"rendered":"http:\/\/artsmartiauxcompiegnois.fr\/?p=8367"},"modified":"2019-03-31T17:51:36","modified_gmt":"2019-03-31T15:51:36","slug":"open-zid-de-picardie-jeunes-karatekas-kata-a-compiegne-le-31-mars-2019","status":"publish","type":"post","link":"https:\/\/artsmartiauxcompiegnois.fr\/?p=8367","title":{"rendered":"Open ZID de Picardie &#8211; Jeunes karat\u00e9kas &#8211; Kata &#8211; \u00e0 Compi\u00e8gne le 31 mars 2019"},"content":{"rendered":"<div class=\"\" data-block=\"true\" data-editor=\"37c12\" data-offset-key=\"cltuj-0-0\">\n<div class=\"_1mf _1mj\" data-offset-key=\"cltuj-0-0\"><span data-offset-key=\"cltuj-0-0\">Le 31 mars 2019, \u00e0 Compi\u00e8gne, au Gymnase Robida, s&rsquo;est d\u00e9roul\u00e9 l&rsquo;Open des jeunes Karat\u00e9kas &#8211; Kata de la Zone Inter D\u00e9partementale de Picardie.<\/span><\/div>\n<\/div>\n<div class=\"\" data-block=\"true\" data-editor=\"37c12\" data-offset-key=\"2pvm4-0-0\">\n<div class=\"_1mf _1mj\" data-offset-key=\"2pvm4-0-0\"><span data-offset-key=\"2pvm4-0-0\">\u00a0<\/span><\/div>\n<\/div>\n<div class=\"\" data-block=\"true\" data-editor=\"37c12\" data-offset-key=\"7lvip-0-0\">\n<div class=\"_1mf _1mj\" data-offset-key=\"7lvip-0-0\"><span data-offset-key=\"7lvip-0-0\">80 jeunes ont particip\u00e9s \u00e0 cette rencontre.<\/span><\/div>\n<\/div>\n<div class=\"\" data-block=\"true\" data-editor=\"37c12\" data-offset-key=\"fq86r-0-0\">\n<div class=\"_1mf _1mj\" data-offset-key=\"fq86r-0-0\"><span data-offset-key=\"fq86r-0-0\">\u00a0<\/span><\/div>\n<\/div>\n<div class=\"\" data-block=\"true\" data-editor=\"37c12\" data-offset-key=\"fecrm-0-0\">\n<div class=\"_1mf _1mj\" data-offset-key=\"fecrm-0-0\"><span data-offset-key=\"fecrm-0-0\">Le Club des Arts Martiaux Compi\u00e9gnois \u00e9tait repr\u00e9sent\u00e9 sur les tatamis par 11 karat\u00e9kas et une jeune arbitre licenci\u00e9e au Club.<\/span><\/div>\n<\/div>\n<div class=\"\" data-block=\"true\" data-editor=\"37c12\" data-offset-key=\"2083s-0-0\">\n<div class=\"_1mf _1mj\" data-offset-key=\"2083s-0-0\"><span data-offset-key=\"2083s-0-0\">\u00a0<\/span><\/div>\n<\/div>\n<div class=\"\" data-block=\"true\" data-editor=\"37c12\" data-offset-key=\"85v00-0-0\">\n<div class=\"_1mf _1mj\" data-offset-key=\"85v00-0-0\"><span data-offset-key=\"85v00-0-0\">Nous f\u00e9licitons tous les participants dont quelques un(e)s effectuaient leur premi\u00e8re comp\u00e9tition, leurs encadrants, et plus particuli\u00e8rement nos karat\u00e9kas dont certain(e)s sont mont\u00e9(e)s sur le podium.<\/span><\/div>\n<\/div>\n<div class=\"\" data-block=\"true\" data-editor=\"37c12\" data-offset-key=\"fdo7k-0-0\">\n<div class=\"_1mf _1mj\" data-offset-key=\"fdo7k-0-0\"><span data-offset-key=\"fdo7k-0-0\">\u00a0<\/span><\/div>\n<\/div>\n<div class=\"\" data-block=\"true\" data-editor=\"37c12\" data-offset-key=\"6lt14-0-0\">\n<div class=\"_1mf _1mj\" data-offset-key=\"6lt14-0-0\"><span data-offset-key=\"6lt14-0-0\">Enfin, nous remercions les organisateurs et les arbitres, sans oublier bien entendu les nombreux b\u00e9n\u00e9voles qui ont facilit\u00e9 le d\u00e9roulement de cette comp\u00e9tition.<\/span><\/div>\n<\/div>\n<div class=\"\" data-block=\"true\" data-editor=\"37c12\" data-offset-key=\"boga8-0-0\">\n<div class=\"_1mf _1mj\" data-offset-key=\"boga8-0-0\"><span data-offset-key=\"boga8-0-0\">\u00a0<\/span><\/div>\n<\/div>\n<div class=\"\" data-block=\"true\" data-editor=\"37c12\" data-offset-key=\"avkkg-0-0\">\n<div class=\"_1mf _1mj\" data-offset-key=\"avkkg-0-0\"><span data-offset-key=\"avkkg-0-0\">Retour en images :<\/span><\/div>\n<\/div>\n<div data-offset-key=\"avkkg-0-0\">\n<div style=\"width: 960px;\" class=\"wp-video\"><!--[if lt IE 9]><script>document.createElement('video');<\/script><![endif]-->\n<video class=\"wp-video-shortcode\" id=\"video-8367-1\" width=\"960\" height=\"540\" preload=\"metadata\" controls=\"controls\"><source type=\"video\/mp4\" src=\"http:\/\/artsmartiauxcompiegnois.fr\/wp-content\/uploads\/2019\/03\/open-kata-jeunes-zid-20190331_Taille-moyenne-1.mp4?_=1\" \/><a href=\"http:\/\/artsmartiauxcompiegnois.fr\/wp-content\/uploads\/2019\/03\/open-kata-jeunes-zid-20190331_Taille-moyenne-1.mp4\">http:\/\/artsmartiauxcompiegnois.fr\/wp-content\/uploads\/2019\/03\/open-kata-jeunes-zid-20190331_Taille-moyenne-1.mp4<\/a><\/video><\/div>\n<\/div>\n","protected":false},"excerpt":{"rendered":"<p>Le 31 mars 2019, \u00e0 Compi\u00e8gne, au Gymnase Robida, s&rsquo;est d\u00e9roul\u00e9 l&rsquo;Open des jeunes Karat\u00e9kas &#8211; Kata de la Zone Inter D\u00e9partementale de Picardie. \u00a0 80 jeunes ont particip\u00e9s \u00e0 cette rencontre. \u00a0 Le Club des Arts Martiaux Compi\u00e9gnois \u00e9tait repr\u00e9sent\u00e9 sur les tatamis par 11 karat\u00e9kas et une jeune arbitre licenci\u00e9e au Club. \u00a0 [&hellip;]<\/p>\n","protected":false},"author":1,"featured_media":0,"comment_status":"open","ping_status":"open","sticky":false,"template":"","format":"standard","meta":[],"categories":[29,36,4,7,48],"tags":[51,55,241,191,240],"_links":{"self":[{"href":"https:\/\/artsmartiauxcompiegnois.fr\/index.php?rest_route=\/wp\/v2\/posts\/8367"}],"collection":[{"href":"https:\/\/artsmartiauxcompiegnois.fr\/index.php?rest_route=\/wp\/v2\/posts"}],"about":[{"href":"https:\/\/artsmartiauxcompiegnois.fr\/index.php?rest_route=\/wp\/v2\/types\/post"}],"author":[{"embeddable":true,"href":"https:\/\/artsmartiauxcompiegnois.fr\/index.php?rest_route=\/wp\/v2\/users\/1"}],"replies":[{"embeddable":true,"href":"https:\/\/artsmartiauxcompiegnois.fr\/index.php?rest_route=%2Fwp%2Fv2%2Fcomments&post=8367"}],"version-history":[{"count":2,"href":"https:\/\/artsmartiauxcompiegnois.fr\/index.php?rest_route=\/wp\/v2\/posts\/8367\/revisions"}],"predecessor-version":[{"id":8370,"href":"https:\/\/artsmartiauxcompiegnois.fr\/index.php?rest_route=\/wp\/v2\/posts\/8367\/revisions\/8370"}],"wp:attachment":[{"href":"https:\/\/artsmartiauxcompiegnois.fr\/index.php?rest_route=%2Fwp%2Fv2%2Fmedia&parent=8367"}],"wp:term":[{"taxonomy":"category","embeddable":true,"href":"https:\/\/artsmartiauxcompiegnois.fr\/index.php?rest_route=%2Fwp%2Fv2%2Fcategories&post=8367"},{"taxonomy":"post_tag","embeddable":true,"href":"https:\/\/artsmartiauxcompiegnois.fr\/index.php?rest_route=%2Fwp%2Fv2%2Ftags&post=8367"}],"curies":[{"name":"wp","href":"https:\/\/api.w.org\/{rel}","templated":true}]}}