{"id":8422,"date":"2019-04-13T23:53:54","date_gmt":"2019-04-13T21:53:54","guid":{"rendered":"http:\/\/artsmartiauxcompiegnois.fr\/?p=8422"},"modified":"2019-04-17T18:45:40","modified_gmt":"2019-04-17T16:45:40","slug":"le-stage-de-karate-de-jean-francois-tisseyre-a-rencontre-un-vif-succes-le-13-avril-2019","status":"publish","type":"post","link":"https:\/\/artsmartiauxcompiegnois.fr\/?p=8422","title":{"rendered":"Le stage de Karat\u00e9 de Jean-Fran\u00e7ois TISSEYRE a rencontr\u00e9 un vif succ\u00e8s le 13 avril 2019"},"content":{"rendered":"<p>Le Stage de karat\u00e9 organis\u00e9 par la Zone Inter D\u00e9partementale de Picardie s&rsquo;est d\u00e9roul\u00e9 au Dojo du Club des Arts Martiaux \u00e0 Compi\u00e8gne.<\/p>\n<p>Anim\u00e9 par le Sensei Jean-Fran\u00e7ois TISSEYRE, ceinture noire 7\u00b0 Dan, ce stage de qualit\u00e9 a \u00e9t\u00e9 vivement appr\u00e9ci\u00e9 par les 40 participants.<\/p>\n<p>Au nom des participants, nous remercions Jean-Fran\u00e7ois pour ce partage de techniques &amp; ses pr\u00e9cieux conseils, la ZID pour cette initiative, ainsi que le Club des Arts Martiaux qui a accueilli cette belle rencontre.<\/p>\n<p>&nbsp;<\/p>\n","protected":false},"excerpt":{"rendered":"<p>Le Stage de karat\u00e9 organis\u00e9 par la Zone Inter D\u00e9partementale de Picardie s&rsquo;est d\u00e9roul\u00e9 au Dojo du Club des Arts Martiaux \u00e0 Compi\u00e8gne. Anim\u00e9 par le Sensei Jean-Fran\u00e7ois TISSEYRE, ceinture noire 7\u00b0 Dan, ce stage de qualit\u00e9 a \u00e9t\u00e9 vivement appr\u00e9ci\u00e9 par les 40 participants. Au nom des participants, nous remercions Jean-Fran\u00e7ois pour ce partage [&hellip;]<\/p>\n","protected":false},"author":1,"featured_media":8423,"comment_status":"open","ping_status":"open","sticky":false,"template":"","format":"standard","meta":[],"categories":[29,36,4,7],"tags":[238,114,240],"_links":{"self":[{"href":"https:\/\/artsmartiauxcompiegnois.fr\/index.php?rest_route=\/wp\/v2\/posts\/8422"}],"collection":[{"href":"https:\/\/artsmartiauxcompiegnois.fr\/index.php?rest_route=\/wp\/v2\/posts"}],"about":[{"href":"https:\/\/artsmartiauxcompiegnois.fr\/index.php?rest_route=\/wp\/v2\/types\/post"}],"author":[{"embeddable":true,"href":"https:\/\/artsmartiauxcompiegnois.fr\/index.php?rest_route=\/wp\/v2\/users\/1"}],"replies":[{"embeddable":true,"href":"https:\/\/artsmartiauxcompiegnois.fr\/index.php?rest_route=%2Fwp%2Fv2%2Fcomments&post=8422"}],"version-history":[{"count":3,"href":"https:\/\/artsmartiauxcompiegnois.fr\/index.php?rest_route=\/wp\/v2\/posts\/8422\/revisions"}],"predecessor-version":[{"id":8557,"href":"https:\/\/artsmartiauxcompiegnois.fr\/index.php?rest_route=\/wp\/v2\/posts\/8422\/revisions\/8557"}],"wp:featuredmedia":[{"embeddable":true,"href":"https:\/\/artsmartiauxcompiegnois.fr\/index.php?rest_route=\/wp\/v2\/media\/8423"}],"wp:attachment":[{"href":"https:\/\/artsmartiauxcompiegnois.fr\/index.php?rest_route=%2Fwp%2Fv2%2Fmedia&parent=8422"}],"wp:term":[{"taxonomy":"category","embeddable":true,"href":"https:\/\/artsmartiauxcompiegnois.fr\/index.php?rest_route=%2Fwp%2Fv2%2Fcategories&post=8422"},{"taxonomy":"post_tag","embeddable":true,"href":"https:\/\/artsmartiauxcompiegnois.fr\/index.php?rest_route=%2Fwp%2Fv2%2Ftags&post=8422"}],"curies":[{"name":"wp","href":"https:\/\/api.w.org\/{rel}","templated":true}]}}