{"id":8566,"date":"2019-04-26T19:45:35","date_gmt":"2019-04-26T17:45:35","guid":{"rendered":"http:\/\/artsmartiauxcompiegnois.fr\/?p=8566"},"modified":"2019-04-27T18:28:26","modified_gmt":"2019-04-27T16:28:26","slug":"ecole-departementale-darbitrage-27-avril-2019","status":"publish","type":"post","link":"https:\/\/artsmartiauxcompiegnois.fr\/?p=8566","title":{"rendered":"Ecole d\u00e9partementale d&rsquo;arbitrage &#8211; 27 avril 2019"},"content":{"rendered":"<p>Le 27 avril 2019, de 09H30 \u00e0 12H30, Adeline RAFFAULT a anim\u00e9 la s\u00e9ance de formation de l&rsquo;Ecole D\u00e9partementale de l&rsquo;Oise d&rsquo;Arbitrage de Karat\u00e9.<\/p>\n<p>Cette animation s&rsquo;est d\u00e9roul\u00e9e \u00e0 comme habituellement \u00e0 Compi\u00e8gne, dans les locaux du Club des Arts Martiaux Compi\u00e8gnois.<\/p>\n<p>Les participants remercient Adeline pour la qualit\u00e9 des \u00e9changes et de ses enseignements.<\/p>\n<p><a href=\"http:\/\/artsmartiauxcompiegnois.fr\/wp-content\/uploads\/2019\/04\/IMG_4366.jpg\"><img loading=\"lazy\" class=\"alignnone size-medium wp-image-8569\" src=\"http:\/\/artsmartiauxcompiegnois.fr\/wp-content\/uploads\/2019\/04\/IMG_4366-300x200.jpg\" alt=\"\" width=\"300\" height=\"200\" srcset=\"https:\/\/artsmartiauxcompiegnois.fr\/wp-content\/uploads\/2019\/04\/IMG_4366-300x200.jpg 300w, https:\/\/artsmartiauxcompiegnois.fr\/wp-content\/uploads\/2019\/04\/IMG_4366-768x512.jpg 768w, https:\/\/artsmartiauxcompiegnois.fr\/wp-content\/uploads\/2019\/04\/IMG_4366-1024x683.jpg 1024w, https:\/\/artsmartiauxcompiegnois.fr\/wp-content\/uploads\/2019\/04\/IMG_4366-178x119.jpg 178w, https:\/\/artsmartiauxcompiegnois.fr\/wp-content\/uploads\/2019\/04\/IMG_4366-272x182.jpg 272w\" sizes=\"(max-width: 300px) 100vw, 300px\" \/>\u00a0\u00a0<\/a><a href=\"http:\/\/artsmartiauxcompiegnois.fr\/wp-content\/uploads\/2019\/04\/IMG_4385.jpg\"><img loading=\"lazy\" class=\"alignnone size-medium wp-image-8570\" src=\"http:\/\/artsmartiauxcompiegnois.fr\/wp-content\/uploads\/2019\/04\/IMG_4385-300x200.jpg\" alt=\"\" width=\"300\" height=\"200\" srcset=\"https:\/\/artsmartiauxcompiegnois.fr\/wp-content\/uploads\/2019\/04\/IMG_4385-300x200.jpg 300w, https:\/\/artsmartiauxcompiegnois.fr\/wp-content\/uploads\/2019\/04\/IMG_4385-768x512.jpg 768w, https:\/\/artsmartiauxcompiegnois.fr\/wp-content\/uploads\/2019\/04\/IMG_4385-1024x683.jpg 1024w, https:\/\/artsmartiauxcompiegnois.fr\/wp-content\/uploads\/2019\/04\/IMG_4385-178x119.jpg 178w, https:\/\/artsmartiauxcompiegnois.fr\/wp-content\/uploads\/2019\/04\/IMG_4385-272x182.jpg 272w\" sizes=\"(max-width: 300px) 100vw, 300px\" \/>\u00a0<\/a><a href=\"http:\/\/artsmartiauxcompiegnois.fr\/wp-content\/uploads\/2019\/04\/IMG_4386.jpg\"><img loading=\"lazy\" class=\"alignnone size-medium wp-image-8571\" src=\"http:\/\/artsmartiauxcompiegnois.fr\/wp-content\/uploads\/2019\/04\/IMG_4386-300x200.jpg\" alt=\"\" width=\"300\" height=\"200\" srcset=\"https:\/\/artsmartiauxcompiegnois.fr\/wp-content\/uploads\/2019\/04\/IMG_4386-300x200.jpg 300w, https:\/\/artsmartiauxcompiegnois.fr\/wp-content\/uploads\/2019\/04\/IMG_4386-768x512.jpg 768w, https:\/\/artsmartiauxcompiegnois.fr\/wp-content\/uploads\/2019\/04\/IMG_4386-1024x683.jpg 1024w, https:\/\/artsmartiauxcompiegnois.fr\/wp-content\/uploads\/2019\/04\/IMG_4386-178x119.jpg 178w, https:\/\/artsmartiauxcompiegnois.fr\/wp-content\/uploads\/2019\/04\/IMG_4386-272x182.jpg 272w\" sizes=\"(max-width: 300px) 100vw, 300px\" \/><\/a><\/p>\n","protected":false},"excerpt":{"rendered":"<p>Le 27 avril 2019, de 09H30 \u00e0 12H30, Adeline RAFFAULT a anim\u00e9 la s\u00e9ance de formation de l&rsquo;Ecole D\u00e9partementale de l&rsquo;Oise d&rsquo;Arbitrage de Karat\u00e9. Cette animation s&rsquo;est d\u00e9roul\u00e9e \u00e0 comme habituellement \u00e0 Compi\u00e8gne, dans les locaux du Club des Arts Martiaux Compi\u00e8gnois. Les participants remercient Adeline pour la qualit\u00e9 des \u00e9changes et de ses enseignements. [&hellip;]<\/p>\n","protected":false},"author":1,"featured_media":0,"comment_status":"open","ping_status":"open","sticky":false,"template":"","format":"standard","meta":[],"categories":[4,7],"tags":[266,230,51,263],"_links":{"self":[{"href":"https:\/\/artsmartiauxcompiegnois.fr\/index.php?rest_route=\/wp\/v2\/posts\/8566"}],"collection":[{"href":"https:\/\/artsmartiauxcompiegnois.fr\/index.php?rest_route=\/wp\/v2\/posts"}],"about":[{"href":"https:\/\/artsmartiauxcompiegnois.fr\/index.php?rest_route=\/wp\/v2\/types\/post"}],"author":[{"embeddable":true,"href":"https:\/\/artsmartiauxcompiegnois.fr\/index.php?rest_route=\/wp\/v2\/users\/1"}],"replies":[{"embeddable":true,"href":"https:\/\/artsmartiauxcompiegnois.fr\/index.php?rest_route=%2Fwp%2Fv2%2Fcomments&post=8566"}],"version-history":[{"count":3,"href":"https:\/\/artsmartiauxcompiegnois.fr\/index.php?rest_route=\/wp\/v2\/posts\/8566\/revisions"}],"predecessor-version":[{"id":8572,"href":"https:\/\/artsmartiauxcompiegnois.fr\/index.php?rest_route=\/wp\/v2\/posts\/8566\/revisions\/8572"}],"wp:attachment":[{"href":"https:\/\/artsmartiauxcompiegnois.fr\/index.php?rest_route=%2Fwp%2Fv2%2Fmedia&parent=8566"}],"wp:term":[{"taxonomy":"category","embeddable":true,"href":"https:\/\/artsmartiauxcompiegnois.fr\/index.php?rest_route=%2Fwp%2Fv2%2Fcategories&post=8566"},{"taxonomy":"post_tag","embeddable":true,"href":"https:\/\/artsmartiauxcompiegnois.fr\/index.php?rest_route=%2Fwp%2Fv2%2Ftags&post=8566"}],"curies":[{"name":"wp","href":"https:\/\/api.w.org\/{rel}","templated":true}]}}