{"id":8668,"date":"2019-06-24T23:57:52","date_gmt":"2019-06-24T21:57:52","guid":{"rendered":"http:\/\/artsmartiauxcompiegnois.fr\/?p=8668"},"modified":"2019-06-25T09:34:33","modified_gmt":"2019-06-25T07:34:33","slug":"la-fete-du-club-des-arts-martiaux-compiegnois-a-rencontre-un-reel-succes-le-24-juin-2019","status":"publish","type":"post","link":"https:\/\/artsmartiauxcompiegnois.fr\/?p=8668","title":{"rendered":"La f\u00eate du Club des Arts Martiaux Compi\u00e8gnois a rencontr\u00e9 un r\u00e9el succ\u00e8s &#8230; le 24 juin 2019"},"content":{"rendered":"<p>La f\u00eate de fin de saison 2018-2019 au Club des Arts Martiaux Compi\u00e9gnois, a rencontr\u00e9 un r\u00e9el succ\u00e8s, en accueillant plus de 350 personnes venues assister \u00e0 cette belle f\u00eate.<\/p>\n<p>Apr\u00e8s avoir r\u00e9vis\u00e9 dans le Dojo leurs pr\u00e9sentations, les encadrants et leurs \u00e9l\u00e8ves ont effectu\u00e9, des d\u00e9monstrations pour pr\u00e9senter leurs disciplines, des plus jeunes jusqu&rsquo;aux adultes, devant le public enthousiaste.<\/p>\n<p>A la suite de ces pr\u00e9sentations, les encadrants ont remis le dipl\u00f4me de passage de ceinture \u00e0 leurs \u00e9l\u00e8ves m\u00e9ritants. Les comp\u00e9titeurs de chacune des disciplines ont re\u00e7u une r\u00e9compense pour leurs engagements dans les comp\u00e9titions au cours de cette saison sportive.<\/p>\n<p>Apr\u00e8s ce gala, les familles,les sportifs et les encadrants ont particip\u00e9 en toute convivialit\u00e9 au barbecue g\u00e9ant offert par le Club.<\/p>\n<p>Le club remercie tous nos adh\u00e9rents pour leur assiduit\u00e9, dans l&rsquo;apprentissage de leur discipline, es encadrants et leurs assistants qui, tout au long de l&rsquo;ann\u00e9e, ont su transmettre leur passion \u00e0 leurs \u00e9l\u00e8ves.<\/p>\n<p>Nous remercions les familles pour leurs apports en g\u00e2teaux et boissons pour ce moment de convivialit\u00e9 et de partage.<\/p>\n<p>Nous f\u00e9licitons \u00e9galement les nombreux b\u00e9n\u00e9voles qui nous ont aid\u00e9 cette ann\u00e9e, les parents qui nous ont pr\u00eat\u00e9 main-forte pour cette f\u00eate, sans oublier les membres tr\u00e8s actifs du Comit\u00e9 Directeur, gr\u00e2ce \u00e0 qui, cette belle ann\u00e9e sportive a pu se d\u00e9rouler sans \u00e9cueil<\/p>\n<p>Retour en images choisies sur le d\u00e9roulement de cette f\u00eate du juin 2019 ..<\/p>\n<div style=\"width: 960px;\" class=\"wp-video\"><!--[if lt IE 9]><script>document.createElement('video');<\/script><![endif]-->\n<video class=\"wp-video-shortcode\" id=\"video-8668-1\" width=\"960\" height=\"540\" preload=\"metadata\" controls=\"controls\"><source type=\"video\/mp4\" src=\"http:\/\/artsmartiauxcompiegnois.fr\/wp-content\/uploads\/2019\/06\/24062019-AMC.mp4?_=1\" \/><a href=\"http:\/\/artsmartiauxcompiegnois.fr\/wp-content\/uploads\/2019\/06\/24062019-AMC.mp4\">http:\/\/artsmartiauxcompiegnois.fr\/wp-content\/uploads\/2019\/06\/24062019-AMC.mp4<\/a><\/video><\/div>\n","protected":false},"excerpt":{"rendered":"<p>La f\u00eate de fin de saison 2018-2019 au Club des Arts Martiaux Compi\u00e9gnois, a rencontr\u00e9 un r\u00e9el succ\u00e8s, en accueillant plus de 350 personnes venues assister \u00e0 cette belle f\u00eate. Apr\u00e8s avoir r\u00e9vis\u00e9 dans le Dojo leurs pr\u00e9sentations, les encadrants et leurs \u00e9l\u00e8ves ont effectu\u00e9, des d\u00e9monstrations pour pr\u00e9senter leurs disciplines, des plus jeunes jusqu&rsquo;aux [&hellip;]<\/p>\n","protected":false},"author":1,"featured_media":8746,"comment_status":"open","ping_status":"open","sticky":false,"template":"","format":"standard","meta":[],"categories":[253,257,3,2,4,235,140,7,269,6,5],"tags":[51,120,159,322,323],"_links":{"self":[{"href":"https:\/\/artsmartiauxcompiegnois.fr\/index.php?rest_route=\/wp\/v2\/posts\/8668"}],"collection":[{"href":"https:\/\/artsmartiauxcompiegnois.fr\/index.php?rest_route=\/wp\/v2\/posts"}],"about":[{"href":"https:\/\/artsmartiauxcompiegnois.fr\/index.php?rest_route=\/wp\/v2\/types\/post"}],"author":[{"embeddable":true,"href":"https:\/\/artsmartiauxcompiegnois.fr\/index.php?rest_route=\/wp\/v2\/users\/1"}],"replies":[{"embeddable":true,"href":"https:\/\/artsmartiauxcompiegnois.fr\/index.php?rest_route=%2Fwp%2Fv2%2Fcomments&post=8668"}],"version-history":[{"count":7,"href":"https:\/\/artsmartiauxcompiegnois.fr\/index.php?rest_route=\/wp\/v2\/posts\/8668\/revisions"}],"predecessor-version":[{"id":8748,"href":"https:\/\/artsmartiauxcompiegnois.fr\/index.php?rest_route=\/wp\/v2\/posts\/8668\/revisions\/8748"}],"wp:featuredmedia":[{"embeddable":true,"href":"https:\/\/artsmartiauxcompiegnois.fr\/index.php?rest_route=\/wp\/v2\/media\/8746"}],"wp:attachment":[{"href":"https:\/\/artsmartiauxcompiegnois.fr\/index.php?rest_route=%2Fwp%2Fv2%2Fmedia&parent=8668"}],"wp:term":[{"taxonomy":"category","embeddable":true,"href":"https:\/\/artsmartiauxcompiegnois.fr\/index.php?rest_route=%2Fwp%2Fv2%2Fcategories&post=8668"},{"taxonomy":"post_tag","embeddable":true,"href":"https:\/\/artsmartiauxcompiegnois.fr\/index.php?rest_route=%2Fwp%2Fv2%2Ftags&post=8668"}],"curies":[{"name":"wp","href":"https:\/\/api.w.org\/{rel}","templated":true}]}}