{"id":8763,"date":"2019-07-29T16:00:25","date_gmt":"2019-07-29T14:00:25","guid":{"rendered":"http:\/\/artsmartiauxcompiegnois.fr\/?p=8763"},"modified":"2019-07-29T16:00:32","modified_gmt":"2019-07-29T14:00:32","slug":"stage-de-karate-training-defense-a-peronne-le-27-juillet-2019","status":"publish","type":"post","link":"https:\/\/artsmartiauxcompiegnois.fr\/?p=8763","title":{"rendered":"Stage de Karat\u00e9 Training D\u00e9fense \u00e0 P\u00e9ronne, le 27 juillet 2019"},"content":{"rendered":"<p>Des adh\u00e9rents du Club des Arts Martiaux Compi\u00e8gnois ont particip\u00e9 \u00e0 l&rsquo;excellent stage, de Karat\u00e9 training\u00a0 d\u00e9fense \u00e0 Peronne, samedi 27 juillet 2019. Ce stage de grande qualit\u00e9 \u00e9tait anim\u00e9 par Catherine 6\u00e8me Dan, experte f\u00e9d\u00e9rale et Ghislain 6\u00e8me Dan.<\/p>\n<p>Ce moment sportif s&rsquo;est d\u00e9roul\u00e9 dans une tr\u00e8s bonne ambiance. Nous remercions vivement Catherine et Ghislain\u00a0 pour leur chaleureux accueil.<\/p>\n<p>C&rsquo;est le dernier stage de cette saison sportive 2018-2019, auquel nous avons particip\u00e9.<\/p>\n<p>Nous vous souhaitons d&rsquo;excellentes vacances \u00e0 toutes et \u00e0 tous.<\/p>\n<p><a href=\"http:\/\/artsmartiauxcompiegnois.fr\/wp-content\/uploads\/2019\/07\/stage-27072019-2.jpg\"><img loading=\"lazy\" class=\"wp-image-8764 alignright\" src=\"http:\/\/artsmartiauxcompiegnois.fr\/wp-content\/uploads\/2019\/07\/stage-27072019-2-300x169.jpg\" alt=\"\" width=\"373\" height=\"210\" srcset=\"https:\/\/artsmartiauxcompiegnois.fr\/wp-content\/uploads\/2019\/07\/stage-27072019-2-300x169.jpg 300w, https:\/\/artsmartiauxcompiegnois.fr\/wp-content\/uploads\/2019\/07\/stage-27072019-2-768x432.jpg 768w, https:\/\/artsmartiauxcompiegnois.fr\/wp-content\/uploads\/2019\/07\/stage-27072019-2-178x100.jpg 178w, https:\/\/artsmartiauxcompiegnois.fr\/wp-content\/uploads\/2019\/07\/stage-27072019-2.jpg 960w\" sizes=\"(max-width: 373px) 100vw, 373px\" \/><\/a> <a href=\"http:\/\/artsmartiauxcompiegnois.fr\/wp-content\/uploads\/2019\/07\/stage-26072019-1.jpg\"><img loading=\"lazy\" class=\"size-medium wp-image-8765 alignleft\" src=\"http:\/\/artsmartiauxcompiegnois.fr\/wp-content\/uploads\/2019\/07\/stage-26072019-1-300x225.jpg\" alt=\"\" width=\"300\" height=\"225\" srcset=\"https:\/\/artsmartiauxcompiegnois.fr\/wp-content\/uploads\/2019\/07\/stage-26072019-1-300x225.jpg 300w, https:\/\/artsmartiauxcompiegnois.fr\/wp-content\/uploads\/2019\/07\/stage-26072019-1-768x576.jpg 768w, https:\/\/artsmartiauxcompiegnois.fr\/wp-content\/uploads\/2019\/07\/stage-26072019-1-178x134.jpg 178w, https:\/\/artsmartiauxcompiegnois.fr\/wp-content\/uploads\/2019\/07\/stage-26072019-1.jpg 960w\" sizes=\"(max-width: 300px) 100vw, 300px\" \/><\/a><\/p>\n","protected":false},"excerpt":{"rendered":"<p>Des adh\u00e9rents du Club des Arts Martiaux Compi\u00e8gnois ont particip\u00e9 \u00e0 l&rsquo;excellent stage, de Karat\u00e9 training\u00a0 d\u00e9fense \u00e0 Peronne, samedi 27 juillet 2019. Ce stage de grande qualit\u00e9 \u00e9tait anim\u00e9 par Catherine 6\u00e8me Dan, experte f\u00e9d\u00e9rale et Ghislain 6\u00e8me Dan. Ce moment sportif s&rsquo;est d\u00e9roul\u00e9 dans une tr\u00e8s bonne ambiance. Nous remercions vivement Catherine et [&hellip;]<\/p>\n","protected":false},"author":1,"featured_media":0,"comment_status":"open","ping_status":"open","sticky":false,"template":"","format":"standard","meta":[],"categories":[4],"tags":[55,114],"_links":{"self":[{"href":"https:\/\/artsmartiauxcompiegnois.fr\/index.php?rest_route=\/wp\/v2\/posts\/8763"}],"collection":[{"href":"https:\/\/artsmartiauxcompiegnois.fr\/index.php?rest_route=\/wp\/v2\/posts"}],"about":[{"href":"https:\/\/artsmartiauxcompiegnois.fr\/index.php?rest_route=\/wp\/v2\/types\/post"}],"author":[{"embeddable":true,"href":"https:\/\/artsmartiauxcompiegnois.fr\/index.php?rest_route=\/wp\/v2\/users\/1"}],"replies":[{"embeddable":true,"href":"https:\/\/artsmartiauxcompiegnois.fr\/index.php?rest_route=%2Fwp%2Fv2%2Fcomments&post=8763"}],"version-history":[{"count":1,"href":"https:\/\/artsmartiauxcompiegnois.fr\/index.php?rest_route=\/wp\/v2\/posts\/8763\/revisions"}],"predecessor-version":[{"id":8766,"href":"https:\/\/artsmartiauxcompiegnois.fr\/index.php?rest_route=\/wp\/v2\/posts\/8763\/revisions\/8766"}],"wp:attachment":[{"href":"https:\/\/artsmartiauxcompiegnois.fr\/index.php?rest_route=%2Fwp%2Fv2%2Fmedia&parent=8763"}],"wp:term":[{"taxonomy":"category","embeddable":true,"href":"https:\/\/artsmartiauxcompiegnois.fr\/index.php?rest_route=%2Fwp%2Fv2%2Fcategories&post=8763"},{"taxonomy":"post_tag","embeddable":true,"href":"https:\/\/artsmartiauxcompiegnois.fr\/index.php?rest_route=%2Fwp%2Fv2%2Ftags&post=8763"}],"curies":[{"name":"wp","href":"https:\/\/api.w.org\/{rel}","templated":true}]}}