{"id":8831,"date":"2019-09-25T14:30:44","date_gmt":"2019-09-25T12:30:44","guid":{"rendered":"http:\/\/artsmartiauxcompiegnois.fr\/?p=8831"},"modified":"2019-09-25T14:30:44","modified_gmt":"2019-09-25T12:30:44","slug":"regroupement-departemental-de-judo-le-29-septembre-2019","status":"publish","type":"post","link":"https:\/\/artsmartiauxcompiegnois.fr\/?p=8831","title":{"rendered":"Regroupement d\u00e9partemental de Judo le 29 septembre 2019"},"content":{"rendered":"<p><a>Le Club des Arts Martiaux Compi\u00e8gnois a l&rsquo;honneur de recevoir dans ses locaux le Comit\u00e9 D\u00e9partemental de l&rsquo;Oise de Judo, toute la journ\u00e9e du 29 seotembre 2019 et les judokas de 10-11 ans et les 12-13 ans.<\/a><\/p>\n<p>Cet \u00e9v\u00e9nement sportif vise \u00e0 accompagner les judokas motiv\u00e9s vers une pr\u00e9paration aux comp\u00e9titions.<\/p>\n<p style=\"text-align: center;\">\n","protected":false},"excerpt":{"rendered":"<p>Le Club des Arts Martiaux Compi\u00e8gnois a l&rsquo;honneur de recevoir dans ses locaux le Comit\u00e9 D\u00e9partemental de l&rsquo;Oise de Judo, toute la journ\u00e9e du 29 seotembre 2019 et les judokas de 10-11 ans et les 12-13 ans. Cet \u00e9v\u00e9nement sportif vise \u00e0 accompagner les judokas motiv\u00e9s vers une pr\u00e9paration aux comp\u00e9titions.<\/p>\n","protected":false},"author":1,"featured_media":8832,"comment_status":"open","ping_status":"open","sticky":false,"template":"","format":"standard","meta":[],"categories":[43,36,2,7],"tags":[179,312],"_links":{"self":[{"href":"https:\/\/artsmartiauxcompiegnois.fr\/index.php?rest_route=\/wp\/v2\/posts\/8831"}],"collection":[{"href":"https:\/\/artsmartiauxcompiegnois.fr\/index.php?rest_route=\/wp\/v2\/posts"}],"about":[{"href":"https:\/\/artsmartiauxcompiegnois.fr\/index.php?rest_route=\/wp\/v2\/types\/post"}],"author":[{"embeddable":true,"href":"https:\/\/artsmartiauxcompiegnois.fr\/index.php?rest_route=\/wp\/v2\/users\/1"}],"replies":[{"embeddable":true,"href":"https:\/\/artsmartiauxcompiegnois.fr\/index.php?rest_route=%2Fwp%2Fv2%2Fcomments&post=8831"}],"version-history":[{"count":2,"href":"https:\/\/artsmartiauxcompiegnois.fr\/index.php?rest_route=\/wp\/v2\/posts\/8831\/revisions"}],"predecessor-version":[{"id":8834,"href":"https:\/\/artsmartiauxcompiegnois.fr\/index.php?rest_route=\/wp\/v2\/posts\/8831\/revisions\/8834"}],"wp:featuredmedia":[{"embeddable":true,"href":"https:\/\/artsmartiauxcompiegnois.fr\/index.php?rest_route=\/wp\/v2\/media\/8832"}],"wp:attachment":[{"href":"https:\/\/artsmartiauxcompiegnois.fr\/index.php?rest_route=%2Fwp%2Fv2%2Fmedia&parent=8831"}],"wp:term":[{"taxonomy":"category","embeddable":true,"href":"https:\/\/artsmartiauxcompiegnois.fr\/index.php?rest_route=%2Fwp%2Fv2%2Fcategories&post=8831"},{"taxonomy":"post_tag","embeddable":true,"href":"https:\/\/artsmartiauxcompiegnois.fr\/index.php?rest_route=%2Fwp%2Fv2%2Ftags&post=8831"}],"curies":[{"name":"wp","href":"https:\/\/api.w.org\/{rel}","templated":true}]}}