{"id":8835,"date":"2019-09-25T14:36:43","date_gmt":"2019-09-25T12:36:43","guid":{"rendered":"http:\/\/artsmartiauxcompiegnois.fr\/?p=8835"},"modified":"2019-09-25T14:40:54","modified_gmt":"2019-09-25T12:40:54","slug":"le-club-se-mobilise-pour-le-telethon-2019","status":"publish","type":"post","link":"https:\/\/artsmartiauxcompiegnois.fr\/?p=8835","title":{"rendered":"Le Club se mobilise pour le TELETHON 2019"},"content":{"rendered":"<p>Le club des Arts Martiaux Compi\u00e9gnois a particip\u00e9 le 24 septembre 2019 \u00e0 la r\u00e9union organis\u00e9e par la Ville de Compi\u00e8gne et le Comit\u00e9 T\u00e9l\u00e9thon.<br \/>\nCette r\u00e9union de lancement des projets d&rsquo;animations et de collectes de dons.recensait les diff\u00e9rents projets des associations et partenaires ainsi que les besoins techniques et logistiques.<\/p>\n<p>Le Club des Arts Martiaux Compi\u00e9gnois a pr\u00e9sent\u00e9 les premiers \u00e9l\u00e9ments du projet du Club et de ses diff\u00e9rentes sections.<a href=\"http:\/\/artsmartiauxcompiegnois.fr\/wp-content\/uploads\/2019\/09\/afm-telethon.jpg\"><img loading=\"lazy\" class=\"aligncenter size-medium wp-image-8836\" src=\"http:\/\/artsmartiauxcompiegnois.fr\/wp-content\/uploads\/2019\/09\/afm-telethon-300x70.jpg\" alt=\"\" width=\"300\" height=\"70\" srcset=\"https:\/\/artsmartiauxcompiegnois.fr\/wp-content\/uploads\/2019\/09\/afm-telethon-300x70.jpg 300w, https:\/\/artsmartiauxcompiegnois.fr\/wp-content\/uploads\/2019\/09\/afm-telethon-178x42.jpg 178w, https:\/\/artsmartiauxcompiegnois.fr\/wp-content\/uploads\/2019\/09\/afm-telethon.jpg 450w\" sizes=\"(max-width: 300px) 100vw, 300px\" \/><\/a><\/p>\n","protected":false},"excerpt":{"rendered":"<p>Le club des Arts Martiaux Compi\u00e9gnois a particip\u00e9 le 24 septembre 2019 \u00e0 la r\u00e9union organis\u00e9e par la Ville de Compi\u00e8gne et le Comit\u00e9 T\u00e9l\u00e9thon. Cette r\u00e9union de lancement des projets d&rsquo;animations et de collectes de dons.recensait les diff\u00e9rents projets des associations et partenaires ainsi que les besoins techniques et logistiques. Le Club des Arts [&hellip;]<\/p>\n","protected":false},"author":1,"featured_media":8836,"comment_status":"open","ping_status":"open","sticky":false,"template":"","format":"standard","meta":[],"categories":[253,257,36,3,81,2,4,235,140,7,269,6,5],"tags":[208],"_links":{"self":[{"href":"https:\/\/artsmartiauxcompiegnois.fr\/index.php?rest_route=\/wp\/v2\/posts\/8835"}],"collection":[{"href":"https:\/\/artsmartiauxcompiegnois.fr\/index.php?rest_route=\/wp\/v2\/posts"}],"about":[{"href":"https:\/\/artsmartiauxcompiegnois.fr\/index.php?rest_route=\/wp\/v2\/types\/post"}],"author":[{"embeddable":true,"href":"https:\/\/artsmartiauxcompiegnois.fr\/index.php?rest_route=\/wp\/v2\/users\/1"}],"replies":[{"embeddable":true,"href":"https:\/\/artsmartiauxcompiegnois.fr\/index.php?rest_route=%2Fwp%2Fv2%2Fcomments&post=8835"}],"version-history":[{"count":3,"href":"https:\/\/artsmartiauxcompiegnois.fr\/index.php?rest_route=\/wp\/v2\/posts\/8835\/revisions"}],"predecessor-version":[{"id":8840,"href":"https:\/\/artsmartiauxcompiegnois.fr\/index.php?rest_route=\/wp\/v2\/posts\/8835\/revisions\/8840"}],"wp:featuredmedia":[{"embeddable":true,"href":"https:\/\/artsmartiauxcompiegnois.fr\/index.php?rest_route=\/wp\/v2\/media\/8836"}],"wp:attachment":[{"href":"https:\/\/artsmartiauxcompiegnois.fr\/index.php?rest_route=%2Fwp%2Fv2%2Fmedia&parent=8835"}],"wp:term":[{"taxonomy":"category","embeddable":true,"href":"https:\/\/artsmartiauxcompiegnois.fr\/index.php?rest_route=%2Fwp%2Fv2%2Fcategories&post=8835"},{"taxonomy":"post_tag","embeddable":true,"href":"https:\/\/artsmartiauxcompiegnois.fr\/index.php?rest_route=%2Fwp%2Fv2%2Ftags&post=8835"}],"curies":[{"name":"wp","href":"https:\/\/api.w.org\/{rel}","templated":true}]}}