{"id":9241,"date":"2019-11-03T11:09:49","date_gmt":"2019-11-03T09:09:49","guid":{"rendered":"http:\/\/artsmartiauxcompiegnois.fr\/?p=9241"},"modified":"2019-11-03T11:09:49","modified_gmt":"2019-11-03T09:09:49","slug":"championnat-de-france-judo-amiens-02-03-novembre-2019","status":"publish","type":"post","link":"https:\/\/artsmartiauxcompiegnois.fr\/?p=9241","title":{"rendered":"Championnat de France &#8211; Judo &#8211; Amiens 02-03 novembre 2019"},"content":{"rendered":"<p>Le championnat de France de judo 1\u00e8re division se d\u00e9roule \u00e0 Amiens les 2 et 3 novembre 2019. Parmi plus de 450 judokas pr\u00e9sents pour cette 76e \u00e9dition, 5 d\u00e9fendront les couleurs de la Picardie.<\/p>\n","protected":false},"excerpt":{"rendered":"<p>Le championnat de France de judo 1\u00e8re division se d\u00e9roule \u00e0 Amiens les 2 et 3 novembre 2019. Parmi plus de 450 judokas pr\u00e9sents pour cette 76e \u00e9dition, 5 d\u00e9fendront les couleurs de la Picardie.<\/p>\n","protected":false},"author":1,"featured_media":0,"comment_status":"open","ping_status":"open","sticky":false,"template":"","format":"standard","meta":[],"categories":[43,2],"tags":[179],"_links":{"self":[{"href":"https:\/\/artsmartiauxcompiegnois.fr\/index.php?rest_route=\/wp\/v2\/posts\/9241"}],"collection":[{"href":"https:\/\/artsmartiauxcompiegnois.fr\/index.php?rest_route=\/wp\/v2\/posts"}],"about":[{"href":"https:\/\/artsmartiauxcompiegnois.fr\/index.php?rest_route=\/wp\/v2\/types\/post"}],"author":[{"embeddable":true,"href":"https:\/\/artsmartiauxcompiegnois.fr\/index.php?rest_route=\/wp\/v2\/users\/1"}],"replies":[{"embeddable":true,"href":"https:\/\/artsmartiauxcompiegnois.fr\/index.php?rest_route=%2Fwp%2Fv2%2Fcomments&post=9241"}],"version-history":[{"count":1,"href":"https:\/\/artsmartiauxcompiegnois.fr\/index.php?rest_route=\/wp\/v2\/posts\/9241\/revisions"}],"predecessor-version":[{"id":9242,"href":"https:\/\/artsmartiauxcompiegnois.fr\/index.php?rest_route=\/wp\/v2\/posts\/9241\/revisions\/9242"}],"wp:attachment":[{"href":"https:\/\/artsmartiauxcompiegnois.fr\/index.php?rest_route=%2Fwp%2Fv2%2Fmedia&parent=9241"}],"wp:term":[{"taxonomy":"category","embeddable":true,"href":"https:\/\/artsmartiauxcompiegnois.fr\/index.php?rest_route=%2Fwp%2Fv2%2Fcategories&post=9241"},{"taxonomy":"post_tag","embeddable":true,"href":"https:\/\/artsmartiauxcompiegnois.fr\/index.php?rest_route=%2Fwp%2Fv2%2Ftags&post=9241"}],"curies":[{"name":"wp","href":"https:\/\/api.w.org\/{rel}","templated":true}]}}