{"id":9911,"date":"2020-01-23T14:24:25","date_gmt":"2020-01-23T12:24:25","guid":{"rendered":"http:\/\/artsmartiauxcompiegnois.fr\/?p=9911"},"modified":"2020-01-24T20:24:47","modified_gmt":"2020-01-24T18:24:47","slug":"felicitations-isra-janvier-2020","status":"publish","type":"post","link":"https:\/\/artsmartiauxcompiegnois.fr\/?p=9911","title":{"rendered":"F\u00e9licitations ISRA ! janvier 2020"},"content":{"rendered":"<p>Isra BAHMED s\u2019est inscrite au club des Arts Martiaux Compi\u00e9gnois dans la section baby club \u00e0 l\u2019\u00e2ge de 2 ans et demi avec Marika Mottet puis Patrice PERIDON comme encadrants. Elle s\u2019est orient\u00e9e vers le karat\u00e9 \u00e0 l\u2019\u00e2ge de 5 ans.<\/p>\n<div class=\"_xlr\">\n<div id=\"id_5e298f7d133bf9a36595458\" class=\"text_exposed_root text_exposed\">\n<p>Depuis lors, elle repr\u00e9sente le club dans diff\u00e9rentes comp\u00e9titions en kata et combats \u00e0 l\u2019\u00e9chelle d\u00e9partementale, interd\u00e9partementale, r\u00e9gionale et nationale.En d\u00e9cembre 2019,\u00a0<span class=\"text_exposed_show\">le Comit\u00e9 D\u00e9partemental Olympique Sportif de l\u2019Oise l&rsquo;a mise \u00e0 l&rsquo;honneur, en tant que \u00ab\u00a0Jeune Espoir\u00a0\u00bb. Par ailleurs, elle a int\u00e9gr\u00e9 l\u2019\u00e9cole d\u2019arbitrage du Comit\u00e9 D\u00e9partemental de l\u2019Oise de Karat\u00e9 \u00e0 l\u2019\u00e2ge de 12 ans.<\/span><\/p>\n<p>Notons \u00e0 son actif plusieurs titres, qui la rendent fi\u00e8re de ses entraineurs successifs : Marcel MOTTET, Jean-Jacques HAZARD, Sofiane DAHMANI, Jacques TAPOL et actuellement son Sensei Toufik HADDOUCHI.<\/p>\n<p>Isra est une fille s\u00e9rieuse, m\u00e9ticuleuse, motiv\u00e9e et discr\u00e8te. Elle est tr\u00e8s appr\u00e9ci\u00e9e par ses encadrants et les adh\u00e9rents. Elle est ainsi, la plus jeune adh\u00e9rente du club \u00e0 avoir obtenu une ceinture noire \u00e0 la veille de ses 14 ans.<\/p>\n<p>Le travail, le s\u00e9rieux et l\u2019effort sont des investissements qui rapportent. Bravo et f\u00e9licitations \u00e0 Isra, le club est fier de toi !<\/p>\n<\/div>\n<\/div>\n","protected":false},"excerpt":{"rendered":"<p>Isra BAHMED s\u2019est inscrite au club des Arts Martiaux Compi\u00e9gnois dans la section baby club \u00e0 l\u2019\u00e2ge de 2 ans et demi avec Marika Mottet puis Patrice PERIDON comme encadrants. Elle s\u2019est orient\u00e9e vers le karat\u00e9 \u00e0 l\u2019\u00e2ge de 5 ans. Depuis lors, elle repr\u00e9sente le club dans diff\u00e9rentes comp\u00e9titions en kata et combats \u00e0 [&hellip;]<\/p>\n","protected":false},"author":1,"featured_media":9912,"comment_status":"open","ping_status":"open","sticky":false,"template":"","format":"standard","meta":[],"categories":[253,4,7],"tags":[339,55,56],"_links":{"self":[{"href":"https:\/\/artsmartiauxcompiegnois.fr\/index.php?rest_route=\/wp\/v2\/posts\/9911"}],"collection":[{"href":"https:\/\/artsmartiauxcompiegnois.fr\/index.php?rest_route=\/wp\/v2\/posts"}],"about":[{"href":"https:\/\/artsmartiauxcompiegnois.fr\/index.php?rest_route=\/wp\/v2\/types\/post"}],"author":[{"embeddable":true,"href":"https:\/\/artsmartiauxcompiegnois.fr\/index.php?rest_route=\/wp\/v2\/users\/1"}],"replies":[{"embeddable":true,"href":"https:\/\/artsmartiauxcompiegnois.fr\/index.php?rest_route=%2Fwp%2Fv2%2Fcomments&post=9911"}],"version-history":[{"count":3,"href":"https:\/\/artsmartiauxcompiegnois.fr\/index.php?rest_route=\/wp\/v2\/posts\/9911\/revisions"}],"predecessor-version":[{"id":9917,"href":"https:\/\/artsmartiauxcompiegnois.fr\/index.php?rest_route=\/wp\/v2\/posts\/9911\/revisions\/9917"}],"wp:featuredmedia":[{"embeddable":true,"href":"https:\/\/artsmartiauxcompiegnois.fr\/index.php?rest_route=\/wp\/v2\/media\/9912"}],"wp:attachment":[{"href":"https:\/\/artsmartiauxcompiegnois.fr\/index.php?rest_route=%2Fwp%2Fv2%2Fmedia&parent=9911"}],"wp:term":[{"taxonomy":"category","embeddable":true,"href":"https:\/\/artsmartiauxcompiegnois.fr\/index.php?rest_route=%2Fwp%2Fv2%2Fcategories&post=9911"},{"taxonomy":"post_tag","embeddable":true,"href":"https:\/\/artsmartiauxcompiegnois.fr\/index.php?rest_route=%2Fwp%2Fv2%2Ftags&post=9911"}],"curies":[{"name":"wp","href":"https:\/\/api.w.org\/{rel}","templated":true}]}}