{"id":9928,"date":"2020-02-14T14:18:41","date_gmt":"2020-02-14T12:18:41","guid":{"rendered":"http:\/\/artsmartiauxcompiegnois.fr\/?p=9928"},"modified":"2020-02-14T14:19:50","modified_gmt":"2020-02-14T12:19:50","slug":"open-et-championnat-de-s-hauts-de-france-karate-kata-combat-29-fevrier-et-01-mars-2020","status":"publish","type":"post","link":"https:\/\/artsmartiauxcompiegnois.fr\/?p=9928","title":{"rendered":"Open et Championnat des Hauts de France &#8211; Karat\u00e9 Kata &#038; Combat 29 f\u00e9vrier et 01 mars 2020"},"content":{"rendered":"<p>&nbsp;<\/p>\n<p>Les inscriptions doivent \u00eatre prises avant le 21 f\u00e9vrier 2020<\/p>\n<p>Ne tardez pas \u00e0 vous manifester aupr\u00e8s de votre enseignant et du secr\u00e9tariat<\/p>\n<p><a href=\"http:\/\/artsmartiauxcompiegnois.fr\/wp-content\/uploads\/2020\/02\/Image-126.jpg\"><img loading=\"lazy\" class=\"aligncenter size-medium wp-image-9929\" src=\"http:\/\/artsmartiauxcompiegnois.fr\/wp-content\/uploads\/2020\/02\/Image-126-218x300.jpg\" alt=\"\" width=\"218\" height=\"300\" srcset=\"https:\/\/artsmartiauxcompiegnois.fr\/wp-content\/uploads\/2020\/02\/Image-126-218x300.jpg 218w, https:\/\/artsmartiauxcompiegnois.fr\/wp-content\/uploads\/2020\/02\/Image-126-768x1057.jpg 768w, https:\/\/artsmartiauxcompiegnois.fr\/wp-content\/uploads\/2020\/02\/Image-126-744x1024.jpg 744w, https:\/\/artsmartiauxcompiegnois.fr\/wp-content\/uploads\/2020\/02\/Image-126-129x178.jpg 129w\" sizes=\"(max-width: 218px) 100vw, 218px\" \/><\/a><\/p>\n","protected":false},"excerpt":{"rendered":"<p>&nbsp; Les inscriptions doivent \u00eatre prises avant le 21 f\u00e9vrier 2020 Ne tardez pas \u00e0 vous manifester aupr\u00e8s de votre enseignant et du secr\u00e9tariat<\/p>\n","protected":false},"author":1,"featured_media":9929,"comment_status":"open","ping_status":"open","sticky":false,"template":"","format":"standard","meta":[],"categories":[29,81,4],"tags":[340,55,310],"_links":{"self":[{"href":"https:\/\/artsmartiauxcompiegnois.fr\/index.php?rest_route=\/wp\/v2\/posts\/9928"}],"collection":[{"href":"https:\/\/artsmartiauxcompiegnois.fr\/index.php?rest_route=\/wp\/v2\/posts"}],"about":[{"href":"https:\/\/artsmartiauxcompiegnois.fr\/index.php?rest_route=\/wp\/v2\/types\/post"}],"author":[{"embeddable":true,"href":"https:\/\/artsmartiauxcompiegnois.fr\/index.php?rest_route=\/wp\/v2\/users\/1"}],"replies":[{"embeddable":true,"href":"https:\/\/artsmartiauxcompiegnois.fr\/index.php?rest_route=%2Fwp%2Fv2%2Fcomments&post=9928"}],"version-history":[{"count":2,"href":"https:\/\/artsmartiauxcompiegnois.fr\/index.php?rest_route=\/wp\/v2\/posts\/9928\/revisions"}],"predecessor-version":[{"id":9931,"href":"https:\/\/artsmartiauxcompiegnois.fr\/index.php?rest_route=\/wp\/v2\/posts\/9928\/revisions\/9931"}],"wp:featuredmedia":[{"embeddable":true,"href":"https:\/\/artsmartiauxcompiegnois.fr\/index.php?rest_route=\/wp\/v2\/media\/9929"}],"wp:attachment":[{"href":"https:\/\/artsmartiauxcompiegnois.fr\/index.php?rest_route=%2Fwp%2Fv2%2Fmedia&parent=9928"}],"wp:term":[{"taxonomy":"category","embeddable":true,"href":"https:\/\/artsmartiauxcompiegnois.fr\/index.php?rest_route=%2Fwp%2Fv2%2Fcategories&post=9928"},{"taxonomy":"post_tag","embeddable":true,"href":"https:\/\/artsmartiauxcompiegnois.fr\/index.php?rest_route=%2Fwp%2Fv2%2Ftags&post=9928"}],"curies":[{"name":"wp","href":"https:\/\/api.w.org\/{rel}","templated":true}]}}