{"id":9967,"date":"2020-02-17T12:27:15","date_gmt":"2020-02-17T10:27:15","guid":{"rendered":"http:\/\/artsmartiauxcompiegnois.fr\/?p=9967"},"modified":"2020-02-18T12:44:12","modified_gmt":"2020-02-18T10:44:12","slug":"championnat-de-la-zone-inter-departementale-de-picardie-karate-16-fevrier-2020","status":"publish","type":"post","link":"https:\/\/artsmartiauxcompiegnois.fr\/?p=9967","title":{"rendered":"Championnat de la Zone Inter D\u00e9partementale de Picardie &#8211; Karat\u00e9 &#8211; 16 f\u00e9vrier 2020"},"content":{"rendered":"<p>Le Club des Arts Martiaux Compi\u00e9gnois a \u00e9t\u00e9 dignement repr\u00e9sent\u00e9 au Championnat de Picardie de Karat\u00e9 Combat &amp; Kata \u00e0 Chauny le 16 f\u00e9vrier 2020.<\/p>\n<p>Nous f\u00e9licitons tous nos karat\u00e9kas pour leur participation active aux comp\u00e9titions et nous les remercions vivement<\/p>\n<p>Cat\u00e9gorie Minimes de moins de 55kg : Isra se classe Vice championne de Picardie combats<\/p>\n<div class=\"text_exposed_show\">\n<p>Cat\u00e9gorie Minimes de moins de 50 kg : Oumi devient Cice Championne de Picardie<\/p>\n<p>Cat\u00e9gorie Minimes Kata : Isra monte sur ma troisi\u00e8me marche du podium<\/p>\n<p>Cat\u00e9gorie S\u00e9niors Kata : Roxane est Vice Championne de Picardie.<\/p>\n<p>Yusra, malgr\u00e9 sa blessure, s\u2019est qualifi\u00e9e au Championnat des Hauts de France.<\/p>\n<p>Toutes les comp\u00e9titrices de notre Club sont qualifi\u00e9es pour le Championnat R\u00e9gional des Hauts de France qui se d\u00e9roulera fin f\u00e9vrier 2020.<\/p>\n<p>Le Club et vos enseignants sont fiers de vous !<\/p>\n<p><img src=\"https:\/\/webmail1m.orange.fr\/webmail\/fr_FR\/download\/Download.html?IDMSG=26550&amp;PJRANG=2&amp;NAME=IMG_9946.jpeg&amp;FOLDER=INBOX%2Fquwill%40orange_fr\" \/><\/p>\n<p><img src=\"https:\/\/webmail1m.orange.fr\/webmail\/fr_FR\/download\/Download.html?IDMSG=26549&amp;PJRANG=2&amp;NAME=IMG_9950.jpeg&amp;FOLDER=INBOX%2Fquwill%40orange_fr\" \/><\/p>\n<p><img src=\"https:\/\/webmail1m.orange.fr\/webmail\/fr_FR\/download\/Download.html?IDMSG=26547&amp;PJRANG=2&amp;NAME=IMG_9938.jpeg&amp;FOLDER=INBOX%2Fquwill%40orange_fr\" \/><\/p>\n<p><img src=\"https:\/\/webmail1m.orange.fr\/webmail\/fr_FR\/download\/Download.html?IDMSG=26546&amp;PJRANG=2&amp;NAME=IMG_9959.jpeg&amp;FOLDER=INBOX%2Fquwill%40orange_fr\" \/><img src=\"https:\/\/webmail1m.orange.fr\/webmail\/fr_FR\/download\/Download.html?IDMSG=26544&amp;PJRANG=2&amp;NAME=IMG_9955.jpeg&amp;FOLDER=INBOX%2Fquwill%40orange_fr\" \/><img src=\"https:\/\/webmail1m.orange.fr\/webmail\/fr_FR\/download\/Download.html?IDMSG=26543&amp;PJRANG=2&amp;NAME=IMG_9965.jpeg&amp;FOLDER=INBOX%2Fquwill%40orange_fr\" \/><\/p>\n<p><img src=\"https:\/\/webmail1m.orange.fr\/webmail\/fr_FR\/download\/Download.html?IDMSG=26542&amp;PJRANG=2&amp;NAME=IMG_9954.jpeg&amp;FOLDER=INBOX%2Fquwill%40orange_fr\" \/><img src=\"https:\/\/webmail1m.orange.fr\/webmail\/fr_FR\/download\/Download.html?IDMSG=26541&amp;PJRANG=2&amp;NAME=IMG_9957.jpeg&amp;FOLDER=INBOX%2Fquwill%40orange_fr\" \/><img src=\"https:\/\/webmail1m.orange.fr\/webmail\/fr_FR\/download\/Download.html?IDMSG=26539&amp;PJRANG=2&amp;NAME=IMG_9975.jpeg&amp;FOLDER=INBOX%2Fquwill%40orange_fr\" \/><\/p>\n<p><img src=\"https:\/\/webmail1m.orange.fr\/webmail\/fr_FR\/download\/Download.html?IDMSG=26540&amp;PJRANG=2&amp;NAME=IMG_9968.jpeg&amp;FOLDER=INBOX%2Fquwill%40orange_fr\" \/><\/p>\n<p><img src=\"https:\/\/webmail1m.orange.fr\/webmail\/fr_FR\/download\/Download.html?IDMSG=26539&amp;PJRANG=2&amp;NAME=IMG_9975.jpeg&amp;FOLDER=INBOX%2Fquwill%40orange_fr\" \/><\/p>\n<p>&nbsp;<\/p>\n<p><img src=\"https:\/\/webmail1m.orange.fr\/webmail\/fr_FR\/download\/Download.html?IDMSG=26537&amp;PJRANG=2&amp;NAME=IMG_9969.jpeg&amp;FOLDER=INBOX%2Fquwill%40orange_fr\" \/><img src=\"https:\/\/webmail1m.orange.fr\/webmail\/fr_FR\/download\/Download.html?IDMSG=26538&amp;PJRANG=2&amp;NAME=IMG_9973.jpeg&amp;FOLDER=INBOX%2Fquwill%40orange_fr\" \/><\/p>\n<p><img src=\"https:\/\/webmail1m.orange.fr\/webmail\/fr_FR\/download\/Download.html?IDMSG=26536&amp;PJRANG=2&amp;NAME=IMG_9970.jpeg&amp;FOLDER=INBOX%2Fquwill%40orange_fr\" \/><\/p>\n<p style=\"direction: ltr;\"><img src=\"https:\/\/webmail1m.orange.fr\/webmail\/fr_FR\/download\/Download.html?IDMSG=26535&amp;PJRANG=2&amp;NAME=IMG_9976.jpeg&amp;FOLDER=INBOX%2Fquwill%40orange_fr\" \/><\/p>\n<p>&nbsp;<\/p>\n<p>&nbsp;<\/p>\n<p>&nbsp;<\/p>\n<p>&nbsp;<\/p>\n<p>&nbsp;<\/p>\n<p>&nbsp;<\/p>\n<\/div>\n","protected":false},"excerpt":{"rendered":"<p>Le Club des Arts Martiaux Compi\u00e9gnois a \u00e9t\u00e9 dignement repr\u00e9sent\u00e9 au Championnat de Picardie de Karat\u00e9 Combat &amp; Kata \u00e0 Chauny le 16 f\u00e9vrier 2020. Nous f\u00e9licitons tous nos karat\u00e9kas pour leur participation active aux comp\u00e9titions et nous les remercions vivement Cat\u00e9gorie Minimes de moins de 55kg : Isra se classe Vice championne de Picardie [&hellip;]<\/p>\n","protected":false},"author":1,"featured_media":0,"comment_status":"open","ping_status":"open","sticky":false,"template":"","format":"standard","meta":[],"categories":[4,7,23],"tags":[51,309,56],"_links":{"self":[{"href":"https:\/\/artsmartiauxcompiegnois.fr\/index.php?rest_route=\/wp\/v2\/posts\/9967"}],"collection":[{"href":"https:\/\/artsmartiauxcompiegnois.fr\/index.php?rest_route=\/wp\/v2\/posts"}],"about":[{"href":"https:\/\/artsmartiauxcompiegnois.fr\/index.php?rest_route=\/wp\/v2\/types\/post"}],"author":[{"embeddable":true,"href":"https:\/\/artsmartiauxcompiegnois.fr\/index.php?rest_route=\/wp\/v2\/users\/1"}],"replies":[{"embeddable":true,"href":"https:\/\/artsmartiauxcompiegnois.fr\/index.php?rest_route=%2Fwp%2Fv2%2Fcomments&post=9967"}],"version-history":[{"count":3,"href":"https:\/\/artsmartiauxcompiegnois.fr\/index.php?rest_route=\/wp\/v2\/posts\/9967\/revisions"}],"predecessor-version":[{"id":9970,"href":"https:\/\/artsmartiauxcompiegnois.fr\/index.php?rest_route=\/wp\/v2\/posts\/9967\/revisions\/9970"}],"wp:attachment":[{"href":"https:\/\/artsmartiauxcompiegnois.fr\/index.php?rest_route=%2Fwp%2Fv2%2Fmedia&parent=9967"}],"wp:term":[{"taxonomy":"category","embeddable":true,"href":"https:\/\/artsmartiauxcompiegnois.fr\/index.php?rest_route=%2Fwp%2Fv2%2Fcategories&post=9967"},{"taxonomy":"post_tag","embeddable":true,"href":"https:\/\/artsmartiauxcompiegnois.fr\/index.php?rest_route=%2Fwp%2Fv2%2Ftags&post=9967"}],"curies":[{"name":"wp","href":"https:\/\/api.w.org\/{rel}","templated":true}]}}